{"id":659,"date":"2017-03-07T17:57:58","date_gmt":"2017-03-07T17:57:58","guid":{"rendered":"http:\/\/10.80.6.168\/wordpress.mapeamento\/?p=659"},"modified":"2017-09-06T18:35:30","modified_gmt":"2017-09-06T18:35:30","slug":"habilidades-de-comunicacao-e-comunicacao-de-noticias-dificeis-o-desenvolvimento-e-a-avaliacao-de-habilidades-de-comunicacao-em-graduandos-e-profissionais-de-saude","status":"publish","type":"post","link":"https:\/\/divulga.unila.edu.br\/umapas\/?p=659","title":{"rendered":"Habilidades de Comunica\u00e7\u00e3o e Comunica\u00e7\u00e3o de Not\u00edcias Dif\u00edceis: O Desenvolvimento e a Avalia\u00e7\u00e3o de Habilidades de Comunica\u00e7\u00e3o em Graduandos e Profissionais de Sa\u00fade"},"content":{"rendered":"<p style=\"text-align: justify;\"><strong>Coordenador:<\/strong>\u00a0Robson Zazula<\/p>\n<p style=\"text-align: justify;\"><strong>Contato:<\/strong>\u00a0robson.zazula@unila.edu.br<\/p>\n<p><strong>Local de realiza\u00e7\u00e3o:<\/strong>\u00a0UNILA Campus Jardim Universit\u00e1rio &#8211; Avenida Tarqu\u00ednio Joslin dos Santos, 1000, Loteamento Universit\u00e1rio das Am\u00e9ricas, Foz do Igua\u00e7u \u2013 PR. CEP: 85870-901<\/p>\n<p><strong>Para mais informa\u00e7\u00f5es, acesse:<\/strong> <a href=\"https:\/\/sig.unila.edu.br\/sigaa\/link\/public\/extensao\/visualizacaoAcaoExtensao\/91793762\" target=\"_blank\">https:\/\/sig.unila.edu.br\/sigaa\/link\/public\/extensao\/visualizacaoAcaoExtensao\/91793762<\/a><\/p>\n","protected":false},"excerpt":{"rendered":"<p>Coordenador:\u00a0Robson Zazula Contato:\u00a0robson.zazula@unila.edu.br Local de realiza\u00e7\u00e3o:\u00a0UNILA Campus Jardim Universit\u00e1rio &#8211; Avenida Tarqu\u00ednio Joslin dos Santos, 1000, Loteamento Universit\u00e1rio das Am\u00e9ricas, Foz do Igua\u00e7u \u2013 PR. CEP: 85870-901 Para mais informa\u00e7\u00f5es, acesse: https:\/\/sig.unila.edu.br\/sigaa\/link\/public\/extensao\/visualizacaoAcaoExtensao\/91793762<\/p>\n","protected":false},"author":2,"featured_media":0,"comment_status":"open","ping_status":"open","sticky":false,"template":"","format":"standard","meta":{"footnotes":""},"categories":[42,43,54],"tags":[],"class_list":["post-659","post","type-post","status-publish","format-standard","hentry","category-acao-de-extensao","category-projeto","category-saude"],"_links":{"self":[{"href":"https:\/\/divulga.unila.edu.br\/umapas\/index.php?rest_route=\/wp\/v2\/posts\/659","targetHints":{"allow":["GET"]}}],"collection":[{"href":"https:\/\/divulga.unila.edu.br\/umapas\/index.php?rest_route=\/wp\/v2\/posts"}],"about":[{"href":"https:\/\/divulga.unila.edu.br\/umapas\/index.php?rest_route=\/wp\/v2\/types\/post"}],"author":[{"embeddable":true,"href":"https:\/\/divulga.unila.edu.br\/umapas\/index.php?rest_route=\/wp\/v2\/users\/2"}],"replies":[{"embeddable":true,"href":"https:\/\/divulga.unila.edu.br\/umapas\/index.php?rest_route=%2Fwp%2Fv2%2Fcomments&post=659"}],"version-history":[{"count":1,"href":"https:\/\/divulga.unila.edu.br\/umapas\/index.php?rest_route=\/wp\/v2\/posts\/659\/revisions"}],"predecessor-version":[{"id":660,"href":"https:\/\/divulga.unila.edu.br\/umapas\/index.php?rest_route=\/wp\/v2\/posts\/659\/revisions\/660"}],"wp:attachment":[{"href":"https:\/\/divulga.unila.edu.br\/umapas\/index.php?rest_route=%2Fwp%2Fv2%2Fmedia&parent=659"}],"wp:term":[{"taxonomy":"category","embeddable":true,"href":"https:\/\/divulga.unila.edu.br\/umapas\/index.php?rest_route=%2Fwp%2Fv2%2Fcategories&post=659"},{"taxonomy":"post_tag","embeddable":true,"href":"https:\/\/divulga.unila.edu.br\/umapas\/index.php?rest_route=%2Fwp%2Fv2%2Ftags&post=659"}],"curies":[{"name":"wp","href":"https:\/\/api.w.org\/{rel}","templated":true}]}}