{"id":657,"date":"2017-03-07T17:50:31","date_gmt":"2017-03-07T17:50:31","guid":{"rendered":"http:\/\/10.80.6.168\/wordpress.mapeamento\/?p=657"},"modified":"2017-09-06T18:35:49","modified_gmt":"2017-09-06T18:35:49","slug":"fronteira-intercultural-iii","status":"publish","type":"post","link":"https:\/\/divulga.unila.edu.br\/umapas\/?p=657","title":{"rendered":"Fronteira Intercultural III"},"content":{"rendered":"<p style=\"text-align: justify;\"><strong>Coordenadora:<\/strong> Laura Jana\u00edna Dias Amato<\/p>\n<p style=\"text-align: justify;\"><strong>Contato:<\/strong> laura.amato@unila.edu.br<\/p>\n<p><strong>Local de realiza\u00e7\u00e3o:<\/strong> Escola Municipal Adele Zanotto Scalco &#8211; Avenida Javier Koelbel, 1923, Jardim Eliza II, Foz do Igua\u00e7u \u2013 PR. CEP: 85854-540<\/p>\n<p><strong>Para mais informa\u00e7\u00f5es, acesse:<\/strong> <a href=\"https:\/\/sig.unila.edu.br\/sigaa\/link\/public\/extensao\/visualizacaoAcaoExtensao\/91793706\" target=\"_blank\">https:\/\/sig.unila.edu.br\/sigaa\/link\/public\/extensao\/visualizacaoAcaoExtensao\/91793706<\/a><\/p>\n","protected":false},"excerpt":{"rendered":"<p>Coordenadora: Laura Jana\u00edna Dias Amato Contato: laura.amato@unila.edu.br Local de realiza\u00e7\u00e3o: Escola Municipal Adele Zanotto Scalco &#8211; Avenida Javier Koelbel, 1923, Jardim Eliza II, Foz do Igua\u00e7u \u2013 PR. CEP: 85854-540 Para mais informa\u00e7\u00f5es, acesse: https:\/\/sig.unila.edu.br\/sigaa\/link\/public\/extensao\/visualizacaoAcaoExtensao\/91793706<\/p>\n","protected":false},"author":2,"featured_media":0,"comment_status":"open","ping_status":"open","sticky":false,"template":"","format":"standard","meta":{"footnotes":""},"categories":[42,52,43],"tags":[],"class_list":["post-657","post","type-post","status-publish","format-standard","hentry","category-acao-de-extensao","category-educacao-letras-e-linguas","category-projeto"],"_links":{"self":[{"href":"https:\/\/divulga.unila.edu.br\/umapas\/index.php?rest_route=\/wp\/v2\/posts\/657","targetHints":{"allow":["GET"]}}],"collection":[{"href":"https:\/\/divulga.unila.edu.br\/umapas\/index.php?rest_route=\/wp\/v2\/posts"}],"about":[{"href":"https:\/\/divulga.unila.edu.br\/umapas\/index.php?rest_route=\/wp\/v2\/types\/post"}],"author":[{"embeddable":true,"href":"https:\/\/divulga.unila.edu.br\/umapas\/index.php?rest_route=\/wp\/v2\/users\/2"}],"replies":[{"embeddable":true,"href":"https:\/\/divulga.unila.edu.br\/umapas\/index.php?rest_route=%2Fwp%2Fv2%2Fcomments&post=657"}],"version-history":[{"count":2,"href":"https:\/\/divulga.unila.edu.br\/umapas\/index.php?rest_route=\/wp\/v2\/posts\/657\/revisions"}],"predecessor-version":[{"id":991,"href":"https:\/\/divulga.unila.edu.br\/umapas\/index.php?rest_route=\/wp\/v2\/posts\/657\/revisions\/991"}],"wp:attachment":[{"href":"https:\/\/divulga.unila.edu.br\/umapas\/index.php?rest_route=%2Fwp%2Fv2%2Fmedia&parent=657"}],"wp:term":[{"taxonomy":"category","embeddable":true,"href":"https:\/\/divulga.unila.edu.br\/umapas\/index.php?rest_route=%2Fwp%2Fv2%2Fcategories&post=657"},{"taxonomy":"post_tag","embeddable":true,"href":"https:\/\/divulga.unila.edu.br\/umapas\/index.php?rest_route=%2Fwp%2Fv2%2Ftags&post=657"}],"curies":[{"name":"wp","href":"https:\/\/api.w.org\/{rel}","templated":true}]}}