{"id":655,"date":"2017-03-07T17:43:37","date_gmt":"2017-03-07T17:43:37","guid":{"rendered":"http:\/\/10.80.6.168\/wordpress.mapeamento\/?p=655"},"modified":"2017-09-06T18:36:03","modified_gmt":"2017-09-06T18:36:03","slug":"feira-popular-da-producao-familiar-na-vila-c-em-foz-do-iguacu-pr","status":"publish","type":"post","link":"https:\/\/divulga.unila.edu.br\/umapas\/?p=655","title":{"rendered":"Feira Popular da Produ\u00e7\u00e3o Familiar na Vila C em Foz do Igua\u00e7u, PR"},"content":{"rendered":"<p style=\"text-align: justify;\"><strong>Coordenador:<\/strong> Exzolvildres Queiroz Neto<\/p>\n<p style=\"text-align: justify;\"><strong>Contato:<\/strong> queiroz.neto@unila.edu.br<\/p>\n<p><strong>Local de realiza\u00e7\u00e3o:<\/strong> Rua Fortaleza, s\/n, Vila C, Foz do Igua\u00e7u \u2013 PR. CEP: 85870-200<\/p>\n<p><strong>Para mais informa\u00e7\u00f5es, acesse:<\/strong> <a href=\"https:\/\/sig.unila.edu.br\/sigaa\/link\/public\/extensao\/visualizacaoAcaoExtensao\/91793649\" target=\"_blank\">https:\/\/sig.unila.edu.br\/sigaa\/link\/public\/extensao\/visualizacaoAcaoExtensao\/91793649<\/a><\/p>\n","protected":false},"excerpt":{"rendered":"<p>Coordenador: Exzolvildres Queiroz Neto Contato: queiroz.neto@unila.edu.br Local de realiza\u00e7\u00e3o: Rua Fortaleza, s\/n, Vila C, Foz do Igua\u00e7u \u2013 PR. CEP: 85870-200 Para mais informa\u00e7\u00f5es, acesse: https:\/\/sig.unila.edu.br\/sigaa\/link\/public\/extensao\/visualizacaoAcaoExtensao\/91793649<\/p>\n","protected":false},"author":2,"featured_media":0,"comment_status":"open","ping_status":"open","sticky":false,"template":"","format":"standard","meta":{"footnotes":""},"categories":[42,57,43],"tags":[],"class_list":["post-655","post","type-post","status-publish","format-standard","hentry","category-acao-de-extensao","category-economia-politica-e-desenvolvimento","category-projeto"],"_links":{"self":[{"href":"https:\/\/divulga.unila.edu.br\/umapas\/index.php?rest_route=\/wp\/v2\/posts\/655","targetHints":{"allow":["GET"]}}],"collection":[{"href":"https:\/\/divulga.unila.edu.br\/umapas\/index.php?rest_route=\/wp\/v2\/posts"}],"about":[{"href":"https:\/\/divulga.unila.edu.br\/umapas\/index.php?rest_route=\/wp\/v2\/types\/post"}],"author":[{"embeddable":true,"href":"https:\/\/divulga.unila.edu.br\/umapas\/index.php?rest_route=\/wp\/v2\/users\/2"}],"replies":[{"embeddable":true,"href":"https:\/\/divulga.unila.edu.br\/umapas\/index.php?rest_route=%2Fwp%2Fv2%2Fcomments&post=655"}],"version-history":[{"count":1,"href":"https:\/\/divulga.unila.edu.br\/umapas\/index.php?rest_route=\/wp\/v2\/posts\/655\/revisions"}],"predecessor-version":[{"id":656,"href":"https:\/\/divulga.unila.edu.br\/umapas\/index.php?rest_route=\/wp\/v2\/posts\/655\/revisions\/656"}],"wp:attachment":[{"href":"https:\/\/divulga.unila.edu.br\/umapas\/index.php?rest_route=%2Fwp%2Fv2%2Fmedia&parent=655"}],"wp:term":[{"taxonomy":"category","embeddable":true,"href":"https:\/\/divulga.unila.edu.br\/umapas\/index.php?rest_route=%2Fwp%2Fv2%2Fcategories&post=655"},{"taxonomy":"post_tag","embeddable":true,"href":"https:\/\/divulga.unila.edu.br\/umapas\/index.php?rest_route=%2Fwp%2Fv2%2Ftags&post=655"}],"curies":[{"name":"wp","href":"https:\/\/api.w.org\/{rel}","templated":true}]}}