{"id":6533,"date":"2021-06-25T10:46:18","date_gmt":"2021-06-25T13:46:18","guid":{"rendered":"https:\/\/unila.edu.br\/umapas\/?p=6533"},"modified":"2021-06-25T10:46:18","modified_gmt":"2021-06-25T13:46:18","slug":"direito-a-poesia-circulos-de-leitura-e-oficinas-de-escrita-com-pessoas-em-privacao-de-liberdade-em-foz-do-iguacu-3","status":"publish","type":"post","link":"https:\/\/divulga.unila.edu.br\/umapas\/?p=6533","title":{"rendered":"Direito \u00e0 Poesia &#8211; c\u00edrculos de leitura e oficinas de escrita com pessoas em priva\u00e7\u00e3o de liberdade em Foz do Igua\u00e7u"},"content":{"rendered":"<p style=\"text-align: justify;\"><strong>Coordenadora:<\/strong> Cristiane Checchia<\/p>\n<p style=\"text-align: justify;\"><strong>Contato:<\/strong> cristiane.checchia@unila.edu.br<\/p>\n<p><strong>Local de realiza\u00e7\u00e3o:<\/strong> UNILA Campus Jardim Universit\u00e1rio &#8211; Avenida Tarqu\u00ednio Joslin dos Santos, 1000, Loteamento Universit\u00e1rio das Am\u00e9ricas, Foz do Igua\u00e7u, Paran\u00e1 &#8211; Brasil.<\/p>\n<p><strong>Para mais informa\u00e7\u00f5es, acesse: <\/strong><a href=\"https:\/\/sig.unila.edu.br\/sigaa\/link\/public\/extensao\/visualizacaoAcaoExtensao\/91794864\" target=\"_blank\">https:\/\/sig.unila.edu.br\/sigaa\/link\/public\/extensao\/visualizacaoAcaoExtensao\/91794864<\/a><strong><br \/>\n<\/strong><\/p>\n","protected":false},"excerpt":{"rendered":"<p>Coordenadora: Cristiane Checchia Contato: cristiane.checchia@unila.edu.br Local de realiza\u00e7\u00e3o: UNILA Campus Jardim Universit\u00e1rio &#8211; Avenida Tarqu\u00ednio Joslin dos Santos, 1000, Loteamento Universit\u00e1rio das Am\u00e9ricas, Foz do Igua\u00e7u, Paran\u00e1 &#8211; Brasil. Para mais informa\u00e7\u00f5es, acesse: https:\/\/sig.unila.edu.br\/sigaa\/link\/public\/extensao\/visualizacaoAcaoExtensao\/91794864<\/p>\n","protected":false},"author":24,"featured_media":0,"comment_status":"closed","ping_status":"open","sticky":false,"template":"","format":"standard","meta":{"footnotes":""},"categories":[42,51,43],"tags":[],"class_list":["post-6533","post","type-post","status-publish","format-standard","hentry","category-acao-de-extensao","category-direitos-humanos-e-justica","category-projeto"],"_links":{"self":[{"href":"https:\/\/divulga.unila.edu.br\/umapas\/index.php?rest_route=\/wp\/v2\/posts\/6533","targetHints":{"allow":["GET"]}}],"collection":[{"href":"https:\/\/divulga.unila.edu.br\/umapas\/index.php?rest_route=\/wp\/v2\/posts"}],"about":[{"href":"https:\/\/divulga.unila.edu.br\/umapas\/index.php?rest_route=\/wp\/v2\/types\/post"}],"author":[{"embeddable":true,"href":"https:\/\/divulga.unila.edu.br\/umapas\/index.php?rest_route=\/wp\/v2\/users\/24"}],"replies":[{"embeddable":true,"href":"https:\/\/divulga.unila.edu.br\/umapas\/index.php?rest_route=%2Fwp%2Fv2%2Fcomments&post=6533"}],"version-history":[{"count":1,"href":"https:\/\/divulga.unila.edu.br\/umapas\/index.php?rest_route=\/wp\/v2\/posts\/6533\/revisions"}],"predecessor-version":[{"id":6535,"href":"https:\/\/divulga.unila.edu.br\/umapas\/index.php?rest_route=\/wp\/v2\/posts\/6533\/revisions\/6535"}],"wp:attachment":[{"href":"https:\/\/divulga.unila.edu.br\/umapas\/index.php?rest_route=%2Fwp%2Fv2%2Fmedia&parent=6533"}],"wp:term":[{"taxonomy":"category","embeddable":true,"href":"https:\/\/divulga.unila.edu.br\/umapas\/index.php?rest_route=%2Fwp%2Fv2%2Fcategories&post=6533"},{"taxonomy":"post_tag","embeddable":true,"href":"https:\/\/divulga.unila.edu.br\/umapas\/index.php?rest_route=%2Fwp%2Fv2%2Ftags&post=6533"}],"curies":[{"name":"wp","href":"https:\/\/api.w.org\/{rel}","templated":true}]}}