{"id":653,"date":"2017-03-07T17:39:53","date_gmt":"2017-03-07T17:39:53","guid":{"rendered":"http:\/\/10.80.6.168\/wordpress.mapeamento\/?p=653"},"modified":"2017-09-06T18:36:26","modified_gmt":"2017-09-06T18:36:26","slug":"feira-de-livros-olha-a-palavra-ai","status":"publish","type":"post","link":"https:\/\/divulga.unila.edu.br\/umapas\/?p=653","title":{"rendered":"Feira de Livros: olha a PALAVRA, a\u00ed!"},"content":{"rendered":"<p style=\"text-align: justify;\"><strong>Coordenadora:<\/strong> Ligia Karina Martins de Andrade<\/p>\n<p style=\"text-align: justify;\"><strong>Contato:<\/strong> ligia.andrade@unila.edu.br<\/p>\n<p><strong>Local de realiza\u00e7\u00e3o:<\/strong> Feira Popular da Produ\u00e7\u00e3o Familiar da Vila C \u2013 Rua Fortaleza, s\/n, Vila C, Foz do Igua\u00e7u \u2013 PR. CEP: 85870-200<\/p>\n<p><strong>Para mais informa\u00e7\u00f5es, acesse:<\/strong> <a href=\"https:\/\/sig.unila.edu.br\/sigaa\/link\/public\/extensao\/visualizacaoAcaoExtensao\/91793672\" target=\"_blank\">https:\/\/sig.unila.edu.br\/sigaa\/link\/public\/extensao\/visualizacaoAcaoExtensao\/91793672<\/a><\/p>\n","protected":false},"excerpt":{"rendered":"<p>Coordenadora: Ligia Karina Martins de Andrade Contato: ligia.andrade@unila.edu.br Local de realiza\u00e7\u00e3o: Feira Popular da Produ\u00e7\u00e3o Familiar da Vila C \u2013 Rua Fortaleza, s\/n, Vila C, Foz do Igua\u00e7u \u2013 PR. CEP: 85870-200 Para mais informa\u00e7\u00f5es, acesse: https:\/\/sig.unila.edu.br\/sigaa\/link\/public\/extensao\/visualizacaoAcaoExtensao\/91793672<\/p>\n","protected":false},"author":2,"featured_media":0,"comment_status":"open","ping_status":"open","sticky":false,"template":"","format":"standard","meta":{"footnotes":""},"categories":[42,52,43],"tags":[],"class_list":["post-653","post","type-post","status-publish","format-standard","hentry","category-acao-de-extensao","category-educacao-letras-e-linguas","category-projeto"],"_links":{"self":[{"href":"https:\/\/divulga.unila.edu.br\/umapas\/index.php?rest_route=\/wp\/v2\/posts\/653","targetHints":{"allow":["GET"]}}],"collection":[{"href":"https:\/\/divulga.unila.edu.br\/umapas\/index.php?rest_route=\/wp\/v2\/posts"}],"about":[{"href":"https:\/\/divulga.unila.edu.br\/umapas\/index.php?rest_route=\/wp\/v2\/types\/post"}],"author":[{"embeddable":true,"href":"https:\/\/divulga.unila.edu.br\/umapas\/index.php?rest_route=\/wp\/v2\/users\/2"}],"replies":[{"embeddable":true,"href":"https:\/\/divulga.unila.edu.br\/umapas\/index.php?rest_route=%2Fwp%2Fv2%2Fcomments&post=653"}],"version-history":[{"count":1,"href":"https:\/\/divulga.unila.edu.br\/umapas\/index.php?rest_route=\/wp\/v2\/posts\/653\/revisions"}],"predecessor-version":[{"id":654,"href":"https:\/\/divulga.unila.edu.br\/umapas\/index.php?rest_route=\/wp\/v2\/posts\/653\/revisions\/654"}],"wp:attachment":[{"href":"https:\/\/divulga.unila.edu.br\/umapas\/index.php?rest_route=%2Fwp%2Fv2%2Fmedia&parent=653"}],"wp:term":[{"taxonomy":"category","embeddable":true,"href":"https:\/\/divulga.unila.edu.br\/umapas\/index.php?rest_route=%2Fwp%2Fv2%2Fcategories&post=653"},{"taxonomy":"post_tag","embeddable":true,"href":"https:\/\/divulga.unila.edu.br\/umapas\/index.php?rest_route=%2Fwp%2Fv2%2Ftags&post=653"}],"curies":[{"name":"wp","href":"https:\/\/api.w.org\/{rel}","templated":true}]}}