{"id":6504,"date":"2021-06-25T10:18:05","date_gmt":"2021-06-25T13:18:05","guid":{"rendered":"https:\/\/unila.edu.br\/umapas\/?p=6504"},"modified":"2021-06-25T10:18:05","modified_gmt":"2021-06-25T13:18:05","slug":"universidade-e-sociedade-o-que-a-universidade-publica-pode-oferecer-aos-estudantes-eletroquimica-ao-alcance-de-toda-sociedade-5","status":"publish","type":"post","link":"https:\/\/divulga.unila.edu.br\/umapas\/?p=6504","title":{"rendered":"Universidade e Sociedade &#8211; O que a universidade p\u00fablica pode oferecer aos estudantes &#8211; Eletroqu\u00edmica ao alcance de toda sociedade"},"content":{"rendered":"<p style=\"text-align: justify;\"><strong>Coordenador:<\/strong> Jose Ricardo Cezar Salgado<\/p>\n<p style=\"text-align: justify;\"><strong>Contato:<\/strong> jose.salgado@unila.edu.br<\/p>\n<p><strong>Local de realiza\u00e7\u00e3o:<\/strong> Col\u00e9gio Estadual Bartolomeu Mitre &#8211; Avenida Jorge Schimmelpfeng, 351, Centro, Foz do Igua\u00e7u, Paran\u00e1 &#8211; Brasil.<\/p>\n<p><strong>Para mais informa\u00e7\u00f5es, acesse: <\/strong><a href=\"https:\/\/sig.unila.edu.br\/sigaa\/link\/public\/extensao\/visualizacaoAcaoExtensao\/91793937\" target=\"_blank\">https:\/\/sig.unila.edu.br\/sigaa\/link\/public\/extensao\/visualizacaoAcaoExtensao\/91793937<\/a><strong><br \/>\n<\/strong><\/p>\n","protected":false},"excerpt":{"rendered":"<p>Coordenador: Jose Ricardo Cezar Salgado Contato: jose.salgado@unila.edu.br Local de realiza\u00e7\u00e3o: Col\u00e9gio Estadual Bartolomeu Mitre &#8211; Avenida Jorge Schimmelpfeng, 351, Centro, Foz do Igua\u00e7u, Paran\u00e1 &#8211; Brasil. Para mais informa\u00e7\u00f5es, acesse: https:\/\/sig.unila.edu.br\/sigaa\/link\/public\/extensao\/visualizacaoAcaoExtensao\/91793937<\/p>\n","protected":false},"author":2,"featured_media":0,"comment_status":"closed","ping_status":"open","sticky":false,"template":"","format":"standard","meta":{"footnotes":""},"categories":[42,43,55],"tags":[],"class_list":["post-6504","post","type-post","status-publish","format-standard","hentry","category-acao-de-extensao","category-projeto","category-tecnologia-e-producao"],"_links":{"self":[{"href":"https:\/\/divulga.unila.edu.br\/umapas\/index.php?rest_route=\/wp\/v2\/posts\/6504","targetHints":{"allow":["GET"]}}],"collection":[{"href":"https:\/\/divulga.unila.edu.br\/umapas\/index.php?rest_route=\/wp\/v2\/posts"}],"about":[{"href":"https:\/\/divulga.unila.edu.br\/umapas\/index.php?rest_route=\/wp\/v2\/types\/post"}],"author":[{"embeddable":true,"href":"https:\/\/divulga.unila.edu.br\/umapas\/index.php?rest_route=\/wp\/v2\/users\/2"}],"replies":[{"embeddable":true,"href":"https:\/\/divulga.unila.edu.br\/umapas\/index.php?rest_route=%2Fwp%2Fv2%2Fcomments&post=6504"}],"version-history":[{"count":1,"href":"https:\/\/divulga.unila.edu.br\/umapas\/index.php?rest_route=\/wp\/v2\/posts\/6504\/revisions"}],"predecessor-version":[{"id":6506,"href":"https:\/\/divulga.unila.edu.br\/umapas\/index.php?rest_route=\/wp\/v2\/posts\/6504\/revisions\/6506"}],"wp:attachment":[{"href":"https:\/\/divulga.unila.edu.br\/umapas\/index.php?rest_route=%2Fwp%2Fv2%2Fmedia&parent=6504"}],"wp:term":[{"taxonomy":"category","embeddable":true,"href":"https:\/\/divulga.unila.edu.br\/umapas\/index.php?rest_route=%2Fwp%2Fv2%2Fcategories&post=6504"},{"taxonomy":"post_tag","embeddable":true,"href":"https:\/\/divulga.unila.edu.br\/umapas\/index.php?rest_route=%2Fwp%2Fv2%2Ftags&post=6504"}],"curies":[{"name":"wp","href":"https:\/\/api.w.org\/{rel}","templated":true}]}}