{"id":643,"date":"2017-03-06T20:28:22","date_gmt":"2017-03-06T20:28:22","guid":{"rendered":"http:\/\/10.80.6.168\/wordpress.mapeamento\/?p=643"},"modified":"2017-09-06T18:37:28","modified_gmt":"2017-09-06T18:37:28","slug":"dialogos-y-diversidad-la-formacion-continuada-de-profesores-de-espanol-desde-la-perspectiva-intercultural-iii","status":"publish","type":"post","link":"https:\/\/divulga.unila.edu.br\/umapas\/?p=643","title":{"rendered":"Di\u00e1logos y Diversidad: la Formaci\u00f3n Continuada de Profesores de Espa\u00f1ol desde la Perspectiva Intercultural III"},"content":{"rendered":"<p style=\"text-align: justify;\"><strong>Coordenadora:<\/strong> Rejane Escoto Bueno<\/p>\n<p style=\"text-align: justify;\"><strong>Contato:<\/strong> rejane.bueno@unila.edu.br<\/p>\n<p><strong>Local de realiza\u00e7\u00e3o:<\/strong> N\u00facleo Regional de Educa\u00e7\u00e3o \u2013 Rua Quintino Bocai\u00fava, 429, Centro, Foz do Igua\u00e7u \u2013 PR. CEP: 85851-130<\/p>\n<p><strong>Para mais informa\u00e7\u00f5es, acesse:<\/strong> <a href=\"https:\/\/sig.unila.edu.br\/sigaa\/link\/public\/extensao\/visualizacaoAcaoExtensao\/91793686\" target=\"_blank\">https:\/\/sig.unila.edu.br\/sigaa\/link\/public\/extensao\/visualizacaoAcaoExtensao\/91793686<\/a><\/p>\n","protected":false},"excerpt":{"rendered":"<p>Coordenadora: Rejane Escoto Bueno Contato: rejane.bueno@unila.edu.br Local de realiza\u00e7\u00e3o: N\u00facleo Regional de Educa\u00e7\u00e3o \u2013 Rua Quintino Bocai\u00fava, 429, Centro, Foz do Igua\u00e7u \u2013 PR. CEP: 85851-130 Para mais informa\u00e7\u00f5es, acesse: https:\/\/sig.unila.edu.br\/sigaa\/link\/public\/extensao\/visualizacaoAcaoExtensao\/91793686<\/p>\n","protected":false},"author":2,"featured_media":0,"comment_status":"open","ping_status":"open","sticky":false,"template":"","format":"standard","meta":{"footnotes":""},"categories":[42,52,43],"tags":[],"class_list":["post-643","post","type-post","status-publish","format-standard","hentry","category-acao-de-extensao","category-educacao-letras-e-linguas","category-projeto"],"_links":{"self":[{"href":"https:\/\/divulga.unila.edu.br\/umapas\/index.php?rest_route=\/wp\/v2\/posts\/643","targetHints":{"allow":["GET"]}}],"collection":[{"href":"https:\/\/divulga.unila.edu.br\/umapas\/index.php?rest_route=\/wp\/v2\/posts"}],"about":[{"href":"https:\/\/divulga.unila.edu.br\/umapas\/index.php?rest_route=\/wp\/v2\/types\/post"}],"author":[{"embeddable":true,"href":"https:\/\/divulga.unila.edu.br\/umapas\/index.php?rest_route=\/wp\/v2\/users\/2"}],"replies":[{"embeddable":true,"href":"https:\/\/divulga.unila.edu.br\/umapas\/index.php?rest_route=%2Fwp%2Fv2%2Fcomments&post=643"}],"version-history":[{"count":1,"href":"https:\/\/divulga.unila.edu.br\/umapas\/index.php?rest_route=\/wp\/v2\/posts\/643\/revisions"}],"predecessor-version":[{"id":644,"href":"https:\/\/divulga.unila.edu.br\/umapas\/index.php?rest_route=\/wp\/v2\/posts\/643\/revisions\/644"}],"wp:attachment":[{"href":"https:\/\/divulga.unila.edu.br\/umapas\/index.php?rest_route=%2Fwp%2Fv2%2Fmedia&parent=643"}],"wp:term":[{"taxonomy":"category","embeddable":true,"href":"https:\/\/divulga.unila.edu.br\/umapas\/index.php?rest_route=%2Fwp%2Fv2%2Fcategories&post=643"},{"taxonomy":"post_tag","embeddable":true,"href":"https:\/\/divulga.unila.edu.br\/umapas\/index.php?rest_route=%2Fwp%2Fv2%2Ftags&post=643"}],"curies":[{"name":"wp","href":"https:\/\/api.w.org\/{rel}","templated":true}]}}