{"id":6366,"date":"2021-06-25T09:30:26","date_gmt":"2021-06-25T12:30:26","guid":{"rendered":"https:\/\/unila.edu.br\/umapas\/?p=6366"},"modified":"2021-06-25T09:30:26","modified_gmt":"2021-06-25T12:30:26","slug":"xiii-congresso-forcine-forum-brasileiro-de-ensino-de-cinema-e-audiovisual-fronteira-limites-e-permeabilidades","status":"publish","type":"post","link":"https:\/\/divulga.unila.edu.br\/umapas\/?p=6366","title":{"rendered":"XIII Congresso FORCINE &#8211; F\u00f3rum Brasileiro de Ensino de Cinema e Audiovisual FRONTEIRA: Limites e permeabilidades"},"content":{"rendered":"<p style=\"text-align: justify;\"><strong>Coordenador:<\/strong> Eduardo Dias Fonseca<\/p>\n<p style=\"text-align: justify;\"><strong>Contato:<\/strong> eduardo.fonseca@unila.edu.br<\/p>\n<p><strong>Local de realiza\u00e7\u00e3o:<\/strong> Cine Cataratas &#8211; Cataratas JL Shopping &#8211; Avenida Costa e Silva, 185, Jardim Polo Centro, Foz do Igua\u00e7u, Paran\u00e1 &#8211; Brasil.<\/p>\n<p><strong>Para mais informa\u00e7\u00f5es, acesse: <\/strong><a href=\"https:\/\/sig.unila.edu.br\/sigaa\/link\/public\/extensao\/visualizacaoAcaoExtensao\/91794171\" target=\"_blank\">https:\/\/sig.unila.edu.br\/sigaa\/link\/public\/extensao\/visualizacaoAcaoExtensao\/91794171<\/a><strong><br \/>\n<\/strong><\/p>\n","protected":false},"excerpt":{"rendered":"<p>Coordenador: Eduardo Dias Fonseca Contato: eduardo.fonseca@unila.edu.br Local de realiza\u00e7\u00e3o: Cine Cataratas &#8211; Cataratas JL Shopping &#8211; Avenida Costa e Silva, 185, Jardim Polo Centro, Foz do Igua\u00e7u, Paran\u00e1 &#8211; Brasil. Para mais informa\u00e7\u00f5es, acesse: https:\/\/sig.unila.edu.br\/sigaa\/link\/public\/extensao\/visualizacaoAcaoExtensao\/91794171<\/p>\n","protected":false},"author":2,"featured_media":0,"comment_status":"closed","ping_status":"open","sticky":false,"template":"","format":"standard","meta":{"footnotes":""},"categories":[42,50,44],"tags":[],"class_list":["post-6366","post","type-post","status-publish","format-standard","hentry","category-acao-de-extensao","category-cultura-e-artes","category-evento"],"_links":{"self":[{"href":"https:\/\/divulga.unila.edu.br\/umapas\/index.php?rest_route=\/wp\/v2\/posts\/6366","targetHints":{"allow":["GET"]}}],"collection":[{"href":"https:\/\/divulga.unila.edu.br\/umapas\/index.php?rest_route=\/wp\/v2\/posts"}],"about":[{"href":"https:\/\/divulga.unila.edu.br\/umapas\/index.php?rest_route=\/wp\/v2\/types\/post"}],"author":[{"embeddable":true,"href":"https:\/\/divulga.unila.edu.br\/umapas\/index.php?rest_route=\/wp\/v2\/users\/2"}],"replies":[{"embeddable":true,"href":"https:\/\/divulga.unila.edu.br\/umapas\/index.php?rest_route=%2Fwp%2Fv2%2Fcomments&post=6366"}],"version-history":[{"count":1,"href":"https:\/\/divulga.unila.edu.br\/umapas\/index.php?rest_route=\/wp\/v2\/posts\/6366\/revisions"}],"predecessor-version":[{"id":6369,"href":"https:\/\/divulga.unila.edu.br\/umapas\/index.php?rest_route=\/wp\/v2\/posts\/6366\/revisions\/6369"}],"wp:attachment":[{"href":"https:\/\/divulga.unila.edu.br\/umapas\/index.php?rest_route=%2Fwp%2Fv2%2Fmedia&parent=6366"}],"wp:term":[{"taxonomy":"category","embeddable":true,"href":"https:\/\/divulga.unila.edu.br\/umapas\/index.php?rest_route=%2Fwp%2Fv2%2Fcategories&post=6366"},{"taxonomy":"post_tag","embeddable":true,"href":"https:\/\/divulga.unila.edu.br\/umapas\/index.php?rest_route=%2Fwp%2Fv2%2Ftags&post=6366"}],"curies":[{"name":"wp","href":"https:\/\/api.w.org\/{rel}","templated":true}]}}