{"id":6298,"date":"2021-06-23T14:32:19","date_gmt":"2021-06-23T17:32:19","guid":{"rendered":"https:\/\/unila.edu.br\/umapas\/?p=6298"},"modified":"2021-06-23T14:32:19","modified_gmt":"2021-06-23T17:32:19","slug":"journee-internationale-detudes-dun-sertao-a-lautre-guimaraes-rosa-50-ans-apres","status":"publish","type":"post","link":"https:\/\/divulga.unila.edu.br\/umapas\/?p=6298","title":{"rendered":"Journ\u00e9e internationale d&#8217;\u00e9tudes &#8211; D&#8217;un Sert\u00e3o \u00e0 l&#8217;Autre: Guimar\u00e3es Rosa 50 ans apr\u00e8s"},"content":{"rendered":"<p style=\"text-align: justify;\"><strong>Coordenador:<\/strong> Marcelo Marinho<\/p>\n<p style=\"text-align: justify;\"><strong>Contato:<\/strong> marcelo.marinho@unila.edu.br<\/p>\n<p><strong>Local de realiza\u00e7\u00e3o:<\/strong> Funda\u00e7\u00e3o Calouste Gulbenkian &#8211; Delega\u00e7\u00e3o da Fran\u00e7a &#8211; Avenida Raspail, 54, 750006, Paris,  &#8211; Fran\u00e7a.<\/p>\n<p><strong>Para mais informa\u00e7\u00f5es, acesse: <\/strong><a href=\"https:\/\/sig.unila.edu.br\/sigaa\/link\/public\/extensao\/visualizacaoAcaoExtensao\/91794085\" target=\"_blank\">https:\/\/sig.unila.edu.br\/sigaa\/link\/public\/extensao\/visualizacaoAcaoExtensao\/91794085<\/a><strong><br \/>\n<\/strong><\/p>\n","protected":false},"excerpt":{"rendered":"<p>Coordenador: Marcelo Marinho Contato: marcelo.marinho@unila.edu.br Local de realiza\u00e7\u00e3o: Funda\u00e7\u00e3o Calouste Gulbenkian &#8211; Delega\u00e7\u00e3o da Fran\u00e7a &#8211; Avenida Raspail, 54, 750006, Paris, &#8211; Fran\u00e7a. Para mais informa\u00e7\u00f5es, acesse: https:\/\/sig.unila.edu.br\/sigaa\/link\/public\/extensao\/visualizacaoAcaoExtensao\/91794085<\/p>\n","protected":false},"author":2,"featured_media":0,"comment_status":"closed","ping_status":"open","sticky":false,"template":"","format":"standard","meta":{"footnotes":""},"categories":[42,52,44],"tags":[],"class_list":["post-6298","post","type-post","status-publish","format-standard","hentry","category-acao-de-extensao","category-educacao-letras-e-linguas","category-evento"],"_links":{"self":[{"href":"https:\/\/divulga.unila.edu.br\/umapas\/index.php?rest_route=\/wp\/v2\/posts\/6298","targetHints":{"allow":["GET"]}}],"collection":[{"href":"https:\/\/divulga.unila.edu.br\/umapas\/index.php?rest_route=\/wp\/v2\/posts"}],"about":[{"href":"https:\/\/divulga.unila.edu.br\/umapas\/index.php?rest_route=\/wp\/v2\/types\/post"}],"author":[{"embeddable":true,"href":"https:\/\/divulga.unila.edu.br\/umapas\/index.php?rest_route=\/wp\/v2\/users\/2"}],"replies":[{"embeddable":true,"href":"https:\/\/divulga.unila.edu.br\/umapas\/index.php?rest_route=%2Fwp%2Fv2%2Fcomments&post=6298"}],"version-history":[{"count":1,"href":"https:\/\/divulga.unila.edu.br\/umapas\/index.php?rest_route=\/wp\/v2\/posts\/6298\/revisions"}],"predecessor-version":[{"id":6299,"href":"https:\/\/divulga.unila.edu.br\/umapas\/index.php?rest_route=\/wp\/v2\/posts\/6298\/revisions\/6299"}],"wp:attachment":[{"href":"https:\/\/divulga.unila.edu.br\/umapas\/index.php?rest_route=%2Fwp%2Fv2%2Fmedia&parent=6298"}],"wp:term":[{"taxonomy":"category","embeddable":true,"href":"https:\/\/divulga.unila.edu.br\/umapas\/index.php?rest_route=%2Fwp%2Fv2%2Fcategories&post=6298"},{"taxonomy":"post_tag","embeddable":true,"href":"https:\/\/divulga.unila.edu.br\/umapas\/index.php?rest_route=%2Fwp%2Fv2%2Ftags&post=6298"}],"curies":[{"name":"wp","href":"https:\/\/api.w.org\/{rel}","templated":true}]}}