{"id":6230,"date":"2021-06-22T09:01:09","date_gmt":"2021-06-22T12:01:09","guid":{"rendered":"https:\/\/unila.edu.br\/umapas\/?p=6230"},"modified":"2021-06-22T09:01:09","modified_gmt":"2021-06-22T12:01:09","slug":"educacao-para-as-relacoes-etnico-raciais-destinado-a-implementacao-das-leis-10-639-e-11-645-no-curriculo-escolar-3","status":"publish","type":"post","link":"https:\/\/divulga.unila.edu.br\/umapas\/?p=6230","title":{"rendered":"Educa\u00e7\u00e3o para as Rela\u00e7\u00f5es \u00c9tnico-Raciais, destinado \u00e0 implementa\u00e7\u00e3o das Leis 10.639 e 11.645 no curr\u00edculo escolar"},"content":{"rendered":"<p style=\"text-align: justify;\"><strong>Coordenadora:<\/strong> Angela Maria de Souza<\/p>\n<p style=\"text-align: justify;\"><strong>Contato:<\/strong> angela.souza@unila.edu.br<\/p>\n<p><strong>Local de realiza\u00e7\u00e3o:<\/strong> Escola Estadual Arandu Renda &#8211; Tekoha Aty Mirim, Itaipul\u00e2ndia, Paran\u00e1 &#8211; Brasil.<\/p>\n<p><strong>Para mais informa\u00e7\u00f5es, acesse: <\/strong><a href=\"https:\/\/sig.unila.edu.br\/sigaa\/link\/public\/extensao\/visualizacaoAcaoExtensao\/91794191\" target=\"_blank\">https:\/\/sig.unila.edu.br\/sigaa\/link\/public\/extensao\/visualizacaoAcaoExtensao\/91794191<\/a><strong><br \/>\n<\/strong><\/p>\n","protected":false},"excerpt":{"rendered":"<p>Coordenadora: Angela Maria de Souza Contato: angela.souza@unila.edu.br Local de realiza\u00e7\u00e3o: Escola Estadual Arandu Renda &#8211; Tekoha Aty Mirim, Itaipul\u00e2ndia, Paran\u00e1 &#8211; Brasil. Para mais informa\u00e7\u00f5es, acesse: https:\/\/sig.unila.edu.br\/sigaa\/link\/public\/extensao\/visualizacaoAcaoExtensao\/91794191<\/p>\n","protected":false},"author":2,"featured_media":0,"comment_status":"closed","ping_status":"open","sticky":false,"template":"","format":"standard","meta":{"footnotes":""},"categories":[42,45,51],"tags":[],"class_list":["post-6230","post","type-post","status-publish","format-standard","hentry","category-acao-de-extensao","category-curso","category-direitos-humanos-e-justica"],"_links":{"self":[{"href":"https:\/\/divulga.unila.edu.br\/umapas\/index.php?rest_route=\/wp\/v2\/posts\/6230","targetHints":{"allow":["GET"]}}],"collection":[{"href":"https:\/\/divulga.unila.edu.br\/umapas\/index.php?rest_route=\/wp\/v2\/posts"}],"about":[{"href":"https:\/\/divulga.unila.edu.br\/umapas\/index.php?rest_route=\/wp\/v2\/types\/post"}],"author":[{"embeddable":true,"href":"https:\/\/divulga.unila.edu.br\/umapas\/index.php?rest_route=\/wp\/v2\/users\/2"}],"replies":[{"embeddable":true,"href":"https:\/\/divulga.unila.edu.br\/umapas\/index.php?rest_route=%2Fwp%2Fv2%2Fcomments&post=6230"}],"version-history":[{"count":1,"href":"https:\/\/divulga.unila.edu.br\/umapas\/index.php?rest_route=\/wp\/v2\/posts\/6230\/revisions"}],"predecessor-version":[{"id":6231,"href":"https:\/\/divulga.unila.edu.br\/umapas\/index.php?rest_route=\/wp\/v2\/posts\/6230\/revisions\/6231"}],"wp:attachment":[{"href":"https:\/\/divulga.unila.edu.br\/umapas\/index.php?rest_route=%2Fwp%2Fv2%2Fmedia&parent=6230"}],"wp:term":[{"taxonomy":"category","embeddable":true,"href":"https:\/\/divulga.unila.edu.br\/umapas\/index.php?rest_route=%2Fwp%2Fv2%2Fcategories&post=6230"},{"taxonomy":"post_tag","embeddable":true,"href":"https:\/\/divulga.unila.edu.br\/umapas\/index.php?rest_route=%2Fwp%2Fv2%2Ftags&post=6230"}],"curies":[{"name":"wp","href":"https:\/\/api.w.org\/{rel}","templated":true}]}}