{"id":5956,"date":"2021-06-17T15:10:18","date_gmt":"2021-06-17T18:10:18","guid":{"rendered":"https:\/\/unila.edu.br\/umapas\/?p=5956"},"modified":"2021-06-17T15:10:18","modified_gmt":"2021-06-17T18:10:18","slug":"fundamentos-teoricos-e-metodologicos-para-o-ensino-aprendizagem-de-astronomia-2","status":"publish","type":"post","link":"https:\/\/divulga.unila.edu.br\/umapas\/?p=5956","title":{"rendered":"Fundamentos Te\u00f3ricos e Metodol\u00f3gicos para o Ensino-aprendizagem de Astronomia"},"content":{"rendered":"<p style=\"text-align: justify;\"><strong>Coordenador:<\/strong> Abra\u00e3o Jesse Capistrano de Souza<\/p>\n<p style=\"text-align: justify;\"><strong>Contato:<\/strong> abecapistrano@hotmail.com<\/p>\n<p><strong>Local de realiza\u00e7\u00e3o:<\/strong> Polo Astron\u00f4mico Casimiro Montenegro Filho &#8211; Parque Tecnol\u00f3gico de Itaipu (PTI) &#8211; Avenida Tancredo Neves, 6706, Jardim Itaipu, Foz do Igua\u00e7u, Paran\u00e1 &#8211; Brasil.<\/p>\n<p><strong>Para mais informa\u00e7\u00f5es, acesse: <\/strong><a href=\"https:\/\/sig.unila.edu.br\/sigaa\/link\/public\/extensao\/visualizacaoAcaoExtensao\/91794051\" target=\"_blank\">https:\/\/sig.unila.edu.br\/sigaa\/link\/public\/extensao\/visualizacaoAcaoExtensao\/91794051<\/a><strong><br \/>\n<\/strong><\/p>\n","protected":false},"excerpt":{"rendered":"<p>Coordenador: Abra\u00e3o Jesse Capistrano de Souza Contato: abecapistrano@hotmail.com Local de realiza\u00e7\u00e3o: Polo Astron\u00f4mico Casimiro Montenegro Filho &#8211; Parque Tecnol\u00f3gico de Itaipu (PTI) &#8211; Avenida Tancredo Neves, 6706, Jardim Itaipu, Foz do Igua\u00e7u, Paran\u00e1 &#8211; Brasil. Para mais informa\u00e7\u00f5es, acesse: https:\/\/sig.unila.edu.br\/sigaa\/link\/public\/extensao\/visualizacaoAcaoExtensao\/91794051<\/p>\n","protected":false},"author":2,"featured_media":0,"comment_status":"closed","ping_status":"open","sticky":false,"template":"","format":"standard","meta":{"footnotes":""},"categories":[42,45,52],"tags":[],"class_list":["post-5956","post","type-post","status-publish","format-standard","hentry","category-acao-de-extensao","category-curso","category-educacao-letras-e-linguas"],"_links":{"self":[{"href":"https:\/\/divulga.unila.edu.br\/umapas\/index.php?rest_route=\/wp\/v2\/posts\/5956","targetHints":{"allow":["GET"]}}],"collection":[{"href":"https:\/\/divulga.unila.edu.br\/umapas\/index.php?rest_route=\/wp\/v2\/posts"}],"about":[{"href":"https:\/\/divulga.unila.edu.br\/umapas\/index.php?rest_route=\/wp\/v2\/types\/post"}],"author":[{"embeddable":true,"href":"https:\/\/divulga.unila.edu.br\/umapas\/index.php?rest_route=\/wp\/v2\/users\/2"}],"replies":[{"embeddable":true,"href":"https:\/\/divulga.unila.edu.br\/umapas\/index.php?rest_route=%2Fwp%2Fv2%2Fcomments&post=5956"}],"version-history":[{"count":1,"href":"https:\/\/divulga.unila.edu.br\/umapas\/index.php?rest_route=\/wp\/v2\/posts\/5956\/revisions"}],"predecessor-version":[{"id":5959,"href":"https:\/\/divulga.unila.edu.br\/umapas\/index.php?rest_route=\/wp\/v2\/posts\/5956\/revisions\/5959"}],"wp:attachment":[{"href":"https:\/\/divulga.unila.edu.br\/umapas\/index.php?rest_route=%2Fwp%2Fv2%2Fmedia&parent=5956"}],"wp:term":[{"taxonomy":"category","embeddable":true,"href":"https:\/\/divulga.unila.edu.br\/umapas\/index.php?rest_route=%2Fwp%2Fv2%2Fcategories&post=5956"},{"taxonomy":"post_tag","embeddable":true,"href":"https:\/\/divulga.unila.edu.br\/umapas\/index.php?rest_route=%2Fwp%2Fv2%2Ftags&post=5956"}],"curies":[{"name":"wp","href":"https:\/\/api.w.org\/{rel}","templated":true}]}}