{"id":5950,"date":"2021-06-17T15:07:05","date_gmt":"2021-06-17T18:07:05","guid":{"rendered":"https:\/\/unila.edu.br\/umapas\/?p=5950"},"modified":"2021-06-17T15:07:05","modified_gmt":"2021-06-17T18:07:05","slug":"formacao-em-lingua-brasileira-de-sinais-nivel-iniciante-intermediario-e-avancado","status":"publish","type":"post","link":"https:\/\/divulga.unila.edu.br\/umapas\/?p=5950","title":{"rendered":"Forma\u00e7\u00e3o em L\u00edngua Brasileira de Sinais &#8211; N\u00edvel iniciante, intermedi\u00e1rio e avan\u00e7ado"},"content":{"rendered":"<p style=\"text-align: justify;\"><strong>Coordenadora:<\/strong> Din\u00e9ia Ghizzo Neto Fellini<\/p>\n<p style=\"text-align: justify;\"><strong>Contato:<\/strong> dineia.fellini@unila.edu.br<\/p>\n<p><strong>Local de realiza\u00e7\u00e3o:<\/strong> Escola de Educa\u00e7\u00e3o Bil\u00edngue da Associa\u00e7\u00e3o Medianeirense de Surdos e Fissurados (AMESFI) &#8211; Rua Minas Gerais, 1210, Nazar\u00e9, Medianeira, Paran\u00e1 &#8211; Brasil.<\/p>\n<p><strong>Para mais informa\u00e7\u00f5es, acesse: <\/strong><a href=\"https:\/\/sig.unila.edu.br\/sigaa\/link\/public\/extensao\/visualizacaoAcaoExtensao\/91793927\" target=\"_blank\">https:\/\/sig.unila.edu.br\/sigaa\/link\/public\/extensao\/visualizacaoAcaoExtensao\/91793927<\/a><strong><br \/>\n<\/strong><\/p>\n","protected":false},"excerpt":{"rendered":"<p>Coordenadora: Din\u00e9ia Ghizzo Neto Fellini Contato: dineia.fellini@unila.edu.br Local de realiza\u00e7\u00e3o: Escola de Educa\u00e7\u00e3o Bil\u00edngue da Associa\u00e7\u00e3o Medianeirense de Surdos e Fissurados (AMESFI) &#8211; Rua Minas Gerais, 1210, Nazar\u00e9, Medianeira, Paran\u00e1 &#8211; Brasil. Para mais informa\u00e7\u00f5es, acesse: https:\/\/sig.unila.edu.br\/sigaa\/link\/public\/extensao\/visualizacaoAcaoExtensao\/91793927<\/p>\n","protected":false},"author":2,"featured_media":0,"comment_status":"closed","ping_status":"open","sticky":false,"template":"","format":"standard","meta":{"footnotes":""},"categories":[42,45,52],"tags":[],"class_list":["post-5950","post","type-post","status-publish","format-standard","hentry","category-acao-de-extensao","category-curso","category-educacao-letras-e-linguas"],"_links":{"self":[{"href":"https:\/\/divulga.unila.edu.br\/umapas\/index.php?rest_route=\/wp\/v2\/posts\/5950","targetHints":{"allow":["GET"]}}],"collection":[{"href":"https:\/\/divulga.unila.edu.br\/umapas\/index.php?rest_route=\/wp\/v2\/posts"}],"about":[{"href":"https:\/\/divulga.unila.edu.br\/umapas\/index.php?rest_route=\/wp\/v2\/types\/post"}],"author":[{"embeddable":true,"href":"https:\/\/divulga.unila.edu.br\/umapas\/index.php?rest_route=\/wp\/v2\/users\/2"}],"replies":[{"embeddable":true,"href":"https:\/\/divulga.unila.edu.br\/umapas\/index.php?rest_route=%2Fwp%2Fv2%2Fcomments&post=5950"}],"version-history":[{"count":1,"href":"https:\/\/divulga.unila.edu.br\/umapas\/index.php?rest_route=\/wp\/v2\/posts\/5950\/revisions"}],"predecessor-version":[{"id":5951,"href":"https:\/\/divulga.unila.edu.br\/umapas\/index.php?rest_route=\/wp\/v2\/posts\/5950\/revisions\/5951"}],"wp:attachment":[{"href":"https:\/\/divulga.unila.edu.br\/umapas\/index.php?rest_route=%2Fwp%2Fv2%2Fmedia&parent=5950"}],"wp:term":[{"taxonomy":"category","embeddable":true,"href":"https:\/\/divulga.unila.edu.br\/umapas\/index.php?rest_route=%2Fwp%2Fv2%2Fcategories&post=5950"},{"taxonomy":"post_tag","embeddable":true,"href":"https:\/\/divulga.unila.edu.br\/umapas\/index.php?rest_route=%2Fwp%2Fv2%2Ftags&post=5950"}],"curies":[{"name":"wp","href":"https:\/\/api.w.org\/{rel}","templated":true}]}}