{"id":590,"date":"2017-02-14T18:16:24","date_gmt":"2017-02-14T18:16:24","guid":{"rendered":"http:\/\/10.80.6.168\/wordpress.mapeamento\/?p=590"},"modified":"2017-09-06T18:43:47","modified_gmt":"2017-09-06T18:43:47","slug":"coloquio-o-papel-da-extensao-na-implementacao-de-politicas-publicas","status":"publish","type":"post","link":"https:\/\/divulga.unila.edu.br\/umapas\/?p=590","title":{"rendered":"Col\u00f3quio: O papel da Extens\u00e3o na implementa\u00e7\u00e3o de Pol\u00edticas P\u00fablicas"},"content":{"rendered":"<p style=\"text-align: justify;\"><strong>Coordenador:<\/strong>\u00a0Waldemir Rosa<\/p>\n<p style=\"text-align: justify;\"><strong>Contato:<\/strong>\u00a0waldemir.rosa@unila.edu.br<\/p>\n<p><strong>Local de realiza\u00e7\u00e3o:<\/strong>\u00a0UNILA Campus Jardim Universit\u00e1rio &#8211; Avenida Tarqu\u00ednio Joslin dos Santos, 1000, Loteamento Universit\u00e1rio das Am\u00e9ricas, Foz do Igua\u00e7u \u2013 PR. CEP: 85870-901<\/p>\n<p><strong>Para mais informa\u00e7\u00f5es, acesse:<\/strong> <a href=\"https:\/\/sig.unila.edu.br\/sigaa\/link\/public\/extensao\/visualizacaoAcaoExtensao\/91793858\" target=\"_blank\">https:\/\/sig.unila.edu.br\/sigaa\/link\/public\/extensao\/visualizacaoAcaoExtensao\/91793858<\/a><\/p>\n","protected":false},"excerpt":{"rendered":"<p>Coordenador:\u00a0Waldemir Rosa Contato:\u00a0waldemir.rosa@unila.edu.br Local de realiza\u00e7\u00e3o:\u00a0UNILA Campus Jardim Universit\u00e1rio &#8211; Avenida Tarqu\u00ednio Joslin dos Santos, 1000, Loteamento Universit\u00e1rio das Am\u00e9ricas, Foz do Igua\u00e7u \u2013 PR. CEP: 85870-901 Para mais informa\u00e7\u00f5es, acesse: https:\/\/sig.unila.edu.br\/sigaa\/link\/public\/extensao\/visualizacaoAcaoExtensao\/91793858<\/p>\n","protected":false},"author":2,"featured_media":0,"comment_status":"open","ping_status":"open","sticky":false,"template":"","format":"standard","meta":{"footnotes":""},"categories":[42,52,44],"tags":[],"class_list":["post-590","post","type-post","status-publish","format-standard","hentry","category-acao-de-extensao","category-educacao-letras-e-linguas","category-evento"],"_links":{"self":[{"href":"https:\/\/divulga.unila.edu.br\/umapas\/index.php?rest_route=\/wp\/v2\/posts\/590","targetHints":{"allow":["GET"]}}],"collection":[{"href":"https:\/\/divulga.unila.edu.br\/umapas\/index.php?rest_route=\/wp\/v2\/posts"}],"about":[{"href":"https:\/\/divulga.unila.edu.br\/umapas\/index.php?rest_route=\/wp\/v2\/types\/post"}],"author":[{"embeddable":true,"href":"https:\/\/divulga.unila.edu.br\/umapas\/index.php?rest_route=\/wp\/v2\/users\/2"}],"replies":[{"embeddable":true,"href":"https:\/\/divulga.unila.edu.br\/umapas\/index.php?rest_route=%2Fwp%2Fv2%2Fcomments&post=590"}],"version-history":[{"count":1,"href":"https:\/\/divulga.unila.edu.br\/umapas\/index.php?rest_route=\/wp\/v2\/posts\/590\/revisions"}],"predecessor-version":[{"id":591,"href":"https:\/\/divulga.unila.edu.br\/umapas\/index.php?rest_route=\/wp\/v2\/posts\/590\/revisions\/591"}],"wp:attachment":[{"href":"https:\/\/divulga.unila.edu.br\/umapas\/index.php?rest_route=%2Fwp%2Fv2%2Fmedia&parent=590"}],"wp:term":[{"taxonomy":"category","embeddable":true,"href":"https:\/\/divulga.unila.edu.br\/umapas\/index.php?rest_route=%2Fwp%2Fv2%2Fcategories&post=590"},{"taxonomy":"post_tag","embeddable":true,"href":"https:\/\/divulga.unila.edu.br\/umapas\/index.php?rest_route=%2Fwp%2Fv2%2Ftags&post=590"}],"curies":[{"name":"wp","href":"https:\/\/api.w.org\/{rel}","templated":true}]}}