{"id":5765,"date":"2021-06-17T10:05:54","date_gmt":"2021-06-17T13:05:54","guid":{"rendered":"https:\/\/unila.edu.br\/umapas\/?p=5765"},"modified":"2021-06-17T10:05:54","modified_gmt":"2021-06-17T13:05:54","slug":"prevalencias-de-anticorpos-anti-sars-cov-2-em-trabalhadores-do-transporte-publico-de-foz-do-iguacu-pr-2","status":"publish","type":"post","link":"https:\/\/divulga.unila.edu.br\/umapas\/?p=5765","title":{"rendered":"Preval\u00eancias de Anticorpos Anti-SARS-CoV-2 em trabalhadores do transporte p\u00fablico de Foz do Igua\u00e7u- PR"},"content":{"rendered":"<p style=\"text-align: justify;\"><strong>Coordenadora:<\/strong> Wilma Nancy Campos Arze<\/p>\n<p style=\"text-align: justify;\"><strong>Contato:<\/strong> wilma.arze@unila.edu.br<\/p>\n<p><strong>Local de realiza\u00e7\u00e3o:<\/strong> Terminal de Transporte Urbano (TTU) &#8211; Avenida Juscelino Kubitschek, Jardim Festugato, Foz do Igua\u00e7u, Paran\u00e1 &#8211; Brasil.<\/p>\n<p><strong>Para mais informa\u00e7\u00f5es, acesse: <\/strong><a href=\"https:\/\/sig.unila.edu.br\/sigaa\/link\/public\/extensao\/visualizacaoAcaoExtensao\/91795028\" target=\"_blank\">https:\/\/sig.unila.edu.br\/sigaa\/link\/public\/extensao\/visualizacaoAcaoExtensao\/91795028<\/a><strong><br \/>\n<\/strong><\/p>\n","protected":false},"excerpt":{"rendered":"<p>Coordenadora: Wilma Nancy Campos Arze Contato: wilma.arze@unila.edu.br Local de realiza\u00e7\u00e3o: Terminal de Transporte Urbano (TTU) &#8211; Avenida Juscelino Kubitschek, Jardim Festugato, Foz do Igua\u00e7u, Paran\u00e1 &#8211; Brasil. Para mais informa\u00e7\u00f5es, acesse: https:\/\/sig.unila.edu.br\/sigaa\/link\/public\/extensao\/visualizacaoAcaoExtensao\/91795028<\/p>\n","protected":false},"author":24,"featured_media":0,"comment_status":"closed","ping_status":"open","sticky":false,"template":"","format":"standard","meta":{"footnotes":""},"categories":[42,44,54],"tags":[],"class_list":["post-5765","post","type-post","status-publish","format-standard","hentry","category-acao-de-extensao","category-evento","category-saude"],"_links":{"self":[{"href":"https:\/\/divulga.unila.edu.br\/umapas\/index.php?rest_route=\/wp\/v2\/posts\/5765","targetHints":{"allow":["GET"]}}],"collection":[{"href":"https:\/\/divulga.unila.edu.br\/umapas\/index.php?rest_route=\/wp\/v2\/posts"}],"about":[{"href":"https:\/\/divulga.unila.edu.br\/umapas\/index.php?rest_route=\/wp\/v2\/types\/post"}],"author":[{"embeddable":true,"href":"https:\/\/divulga.unila.edu.br\/umapas\/index.php?rest_route=\/wp\/v2\/users\/24"}],"replies":[{"embeddable":true,"href":"https:\/\/divulga.unila.edu.br\/umapas\/index.php?rest_route=%2Fwp%2Fv2%2Fcomments&post=5765"}],"version-history":[{"count":1,"href":"https:\/\/divulga.unila.edu.br\/umapas\/index.php?rest_route=\/wp\/v2\/posts\/5765\/revisions"}],"predecessor-version":[{"id":5766,"href":"https:\/\/divulga.unila.edu.br\/umapas\/index.php?rest_route=\/wp\/v2\/posts\/5765\/revisions\/5766"}],"wp:attachment":[{"href":"https:\/\/divulga.unila.edu.br\/umapas\/index.php?rest_route=%2Fwp%2Fv2%2Fmedia&parent=5765"}],"wp:term":[{"taxonomy":"category","embeddable":true,"href":"https:\/\/divulga.unila.edu.br\/umapas\/index.php?rest_route=%2Fwp%2Fv2%2Fcategories&post=5765"},{"taxonomy":"post_tag","embeddable":true,"href":"https:\/\/divulga.unila.edu.br\/umapas\/index.php?rest_route=%2Fwp%2Fv2%2Ftags&post=5765"}],"curies":[{"name":"wp","href":"https:\/\/api.w.org\/{rel}","templated":true}]}}