{"id":568,"date":"2017-02-10T19:03:49","date_gmt":"2017-02-10T19:03:49","guid":{"rendered":"http:\/\/10.80.6.168\/wordpress.mapeamento\/?p=568"},"modified":"2019-10-09T16:29:19","modified_gmt":"2019-10-09T16:29:19","slug":"nucleo-crianca-de-valor","status":"publish","type":"post","link":"https:\/\/divulga.unila.edu.br\/umapas\/?p=568","title":{"rendered":"N\u00facleo Crian\u00e7a de Valor"},"content":{"rendered":"<p style=\"text-align: justify;\">O N\u00facleo Crian\u00e7a de Valor (NCV) \u00e9 uma entidade civil sem fins lucrativos. Atende a 120 crian\u00e7as e adolescentes de 6 a 14 anos de idade que moram pr\u00f3ximos ao Jardim Am\u00e9rica e Jardim Cristina. Em dois hor\u00e1rios, manh\u00e3 (8h20 \u00e0s 11h30) e tarde (13h30 \u00e0s 16h30), os meninos e as meninas t\u00eam acesso a uma s\u00e9rie de atividades no contraturno escolar. A tarefa do NCV \u00e9 acolher garotos e garotas de baixa renda e procurar, por meio da educa\u00e7\u00e3o e do esporte, resgatar e fortalecer os v\u00ednculos familiares e comunit\u00e1rios. Possui como miss\u00e3o executar servi\u00e7os de prote\u00e7\u00e3o social b\u00e1sica para crian\u00e7as e adolescentes v\u00edtimas de vulnerabilidade social, visando a conviv\u00eancia e o fortalecimento do v\u00ednculo familiar, priorizando o desenvolvimento da autonomia de acordo com a potencialidade e demanda a partir dos interesses de cada faixa et\u00e1ria, promovendo a forma\u00e7\u00e3o integral e social, dando suporte para o desenvolvimento da cidadania.<\/p>\n<p style=\"text-align: justify;\"><strong>P\u00fablico-alvo:<\/strong> Crian\u00e7as e adolescentes entre 6 e 14 anos<\/p>\n<p style=\"text-align: left;\"><strong>Endere\u00e7o:<\/strong> Rua Guimar\u00e3es Rosa, 528, Jardim Am\u00e9rica, Foz do Igua\u00e7u, Paran\u00e1, Brasil. CEP: 85865-040.<\/p>\n<p style=\"text-align: left;\"><strong>Contato:<\/strong> (45) 30254784 | ncv@criancadevalor.org.br | <a href=\"http:\/\/www.criancadevalor.org.br\" target=\"_blank\">www.criancadevalor.org.br<\/a> | <a href=\"https:\/\/www.facebook.com\/NucleoCriancaDeValor\/\" target=\"_blank\">https:\/\/www.facebook.com\/NucleoCriancaDeValor\/<\/a><\/p>\n<p style=\"text-align: left;\"><strong>Demandas:<\/strong> <span data-sheets-value=\"{&quot;1&quot;:2,&quot;2&quot;:&quot;Atividades de apoio institucional; Atividades art\u00edsticas e culturais; Atividades educacionais; Atividades esportivas.&quot;}\" data-sheets-userformat=\"{&quot;2&quot;:13249,&quot;3&quot;:{&quot;1&quot;:0},&quot;9&quot;:1,&quot;10&quot;:1,&quot;11&quot;:4,&quot;12&quot;:0,&quot;15&quot;:&quot;Comic Sans MS&quot;,&quot;16&quot;:12}\">Atividades de apoio institucional, art\u00edsticas e culturais, educacionais e esportivas.<\/span><\/p>\n<p align=\"justify\"><span style=\"font-family: Times New Roman,serif;\"><span style=\"font-size: medium;\">\u00a0<\/span><\/span><\/p>\n","protected":false},"excerpt":{"rendered":"<p>O N\u00facleo Crian\u00e7a de Valor (NCV) \u00e9 uma entidade civil sem fins lucrativos. Atende a 120 crian\u00e7as e adolescentes de 6 a 14 anos de idade que moram pr\u00f3ximos ao Jardim Am\u00e9rica e Jardim Cristina. Em dois hor\u00e1rios, manh\u00e3 (8h20 \u00e0s 11h30) e tarde (13h30 \u00e0s 16h30), os meninos e as meninas t\u00eam acesso a [&hellip;]<\/p>\n","protected":false},"author":2,"featured_media":0,"comment_status":"closed","ping_status":"closed","sticky":false,"template":"","format":"standard","meta":{"footnotes":""},"categories":[32,41,30],"tags":[36,17,68,69,26],"class_list":["post-568","post","type-post","status-publish","format-standard","hentry","category-associacao-privada","category-atores-sociais","category-instituicao-privada","tag-adolescente","tag-crianca","tag-crianca-de-valor","tag-educacao","tag-foz-do-iguacu"],"_links":{"self":[{"href":"https:\/\/divulga.unila.edu.br\/umapas\/index.php?rest_route=\/wp\/v2\/posts\/568","targetHints":{"allow":["GET"]}}],"collection":[{"href":"https:\/\/divulga.unila.edu.br\/umapas\/index.php?rest_route=\/wp\/v2\/posts"}],"about":[{"href":"https:\/\/divulga.unila.edu.br\/umapas\/index.php?rest_route=\/wp\/v2\/types\/post"}],"author":[{"embeddable":true,"href":"https:\/\/divulga.unila.edu.br\/umapas\/index.php?rest_route=\/wp\/v2\/users\/2"}],"replies":[{"embeddable":true,"href":"https:\/\/divulga.unila.edu.br\/umapas\/index.php?rest_route=%2Fwp%2Fv2%2Fcomments&post=568"}],"version-history":[{"count":5,"href":"https:\/\/divulga.unila.edu.br\/umapas\/index.php?rest_route=\/wp\/v2\/posts\/568\/revisions"}],"predecessor-version":[{"id":3000,"href":"https:\/\/divulga.unila.edu.br\/umapas\/index.php?rest_route=\/wp\/v2\/posts\/568\/revisions\/3000"}],"wp:attachment":[{"href":"https:\/\/divulga.unila.edu.br\/umapas\/index.php?rest_route=%2Fwp%2Fv2%2Fmedia&parent=568"}],"wp:term":[{"taxonomy":"category","embeddable":true,"href":"https:\/\/divulga.unila.edu.br\/umapas\/index.php?rest_route=%2Fwp%2Fv2%2Fcategories&post=568"},{"taxonomy":"post_tag","embeddable":true,"href":"https:\/\/divulga.unila.edu.br\/umapas\/index.php?rest_route=%2Fwp%2Fv2%2Ftags&post=568"}],"curies":[{"name":"wp","href":"https:\/\/api.w.org\/{rel}","templated":true}]}}