{"id":5639,"date":"2021-06-16T15:53:19","date_gmt":"2021-06-16T18:53:19","guid":{"rendered":"https:\/\/unila.edu.br\/umapas\/?p=5639"},"modified":"2021-06-16T15:53:19","modified_gmt":"2021-06-16T18:53:19","slug":"ciclo-de-debates-geopolitica-das-crises-conflitos-e-processos-de-integracao-regional","status":"publish","type":"post","link":"https:\/\/divulga.unila.edu.br\/umapas\/?p=5639","title":{"rendered":"Ciclo de Debates: Geopol\u00edtica das Crises, Conflitos e Processos de Integra\u00e7\u00e3o Regional"},"content":{"rendered":"<p style=\"text-align: justify;\"><strong>Coordenador:<\/strong> Lucas Kerr de Oliveira<\/p>\n<p style=\"text-align: justify;\"><strong>Contato:<\/strong> lucas.oliveira@unila.edu.br<\/p>\n<p><strong>Local de realiza\u00e7\u00e3o:<\/strong> C\u00e2mara Municipal de Foz do Igua\u00e7u &#8211; Travessa Oscar Muxfeldt, 81, Centro, Foz do Igua\u00e7u, Paran\u00e1 &#8211; Brasil.<\/p>\n<p><strong>Para mais informa\u00e7\u00f5es, acesse: <\/strong><a href=\"https:\/\/sig.unila.edu.br\/sigaa\/link\/public\/extensao\/visualizacaoAcaoExtensao\/91794063\" target=\"_blank\">https:\/\/sig.unila.edu.br\/sigaa\/link\/public\/extensao\/visualizacaoAcaoExtensao\/91794063<\/a><strong><br \/>\n<\/strong><\/p>\n","protected":false},"excerpt":{"rendered":"<p>Coordenador: Lucas Kerr de Oliveira Contato: lucas.oliveira@unila.edu.br Local de realiza\u00e7\u00e3o: C\u00e2mara Municipal de Foz do Igua\u00e7u &#8211; Travessa Oscar Muxfeldt, 81, Centro, Foz do Igua\u00e7u, Paran\u00e1 &#8211; Brasil. Para mais informa\u00e7\u00f5es, acesse: https:\/\/sig.unila.edu.br\/sigaa\/link\/public\/extensao\/visualizacaoAcaoExtensao\/91794063<\/p>\n","protected":false},"author":2,"featured_media":0,"comment_status":"closed","ping_status":"open","sticky":false,"template":"","format":"standard","meta":{"footnotes":""},"categories":[42,45,57],"tags":[],"class_list":["post-5639","post","type-post","status-publish","format-standard","hentry","category-acao-de-extensao","category-curso","category-economia-politica-e-desenvolvimento"],"_links":{"self":[{"href":"https:\/\/divulga.unila.edu.br\/umapas\/index.php?rest_route=\/wp\/v2\/posts\/5639","targetHints":{"allow":["GET"]}}],"collection":[{"href":"https:\/\/divulga.unila.edu.br\/umapas\/index.php?rest_route=\/wp\/v2\/posts"}],"about":[{"href":"https:\/\/divulga.unila.edu.br\/umapas\/index.php?rest_route=\/wp\/v2\/types\/post"}],"author":[{"embeddable":true,"href":"https:\/\/divulga.unila.edu.br\/umapas\/index.php?rest_route=\/wp\/v2\/users\/2"}],"replies":[{"embeddable":true,"href":"https:\/\/divulga.unila.edu.br\/umapas\/index.php?rest_route=%2Fwp%2Fv2%2Fcomments&post=5639"}],"version-history":[{"count":1,"href":"https:\/\/divulga.unila.edu.br\/umapas\/index.php?rest_route=\/wp\/v2\/posts\/5639\/revisions"}],"predecessor-version":[{"id":5642,"href":"https:\/\/divulga.unila.edu.br\/umapas\/index.php?rest_route=\/wp\/v2\/posts\/5639\/revisions\/5642"}],"wp:attachment":[{"href":"https:\/\/divulga.unila.edu.br\/umapas\/index.php?rest_route=%2Fwp%2Fv2%2Fmedia&parent=5639"}],"wp:term":[{"taxonomy":"category","embeddable":true,"href":"https:\/\/divulga.unila.edu.br\/umapas\/index.php?rest_route=%2Fwp%2Fv2%2Fcategories&post=5639"},{"taxonomy":"post_tag","embeddable":true,"href":"https:\/\/divulga.unila.edu.br\/umapas\/index.php?rest_route=%2Fwp%2Fv2%2Ftags&post=5639"}],"curies":[{"name":"wp","href":"https:\/\/api.w.org\/{rel}","templated":true}]}}