{"id":554,"date":"2017-02-09T17:13:45","date_gmt":"2017-02-09T17:13:45","guid":{"rendered":"http:\/\/10.80.6.168\/wordpress.mapeamento\/?p=554"},"modified":"2017-09-06T18:48:26","modified_gmt":"2017-09-06T18:48:26","slug":"entendimento-e-praticas-da-historia-ritmos-e-dancas-afro-latinas-e-afro-caribenhas","status":"publish","type":"post","link":"https:\/\/divulga.unila.edu.br\/umapas\/?p=554","title":{"rendered":"Entendimento e pr\u00e1ticas da hist\u00f3ria, ritmos e dan\u00e7as afro-latinas e afro-caribenhas"},"content":{"rendered":"<p style=\"text-align: justify;\"><strong>Coordenador:<\/strong> Julio da Silveira Moreira<\/p>\n<p style=\"text-align: justify;\"><strong>Contato:<\/strong> julio.moreira@unila.edu.br<\/p>\n<p style=\"text-align: justify;\"><strong>Local de realiza\u00e7\u00e3o:<\/strong> Centro de Aten\u00e7\u00e3o Integral ao Adolescente (CAIA), Avenida Morenitas, 2195, Vila Padre Monti, Foz do Igua\u00e7u \u2013 PR. CEP: 85855-190<\/p>\n<p><strong>Para mais informa\u00e7\u00f5es, acesse:<\/strong> <a href=\"https:\/\/sig.unila.edu.br\/sigaa\/link\/public\/extensao\/visualizacaoAcaoExtensao\/91793895\" target=\"_blank\">https:\/\/sig.unila.edu.br\/sigaa\/link\/public\/extensao\/visualizacaoAcaoExtensao\/91793895<\/a><\/p>\n","protected":false},"excerpt":{"rendered":"<p>Coordenador: Julio da Silveira Moreira Contato: julio.moreira@unila.edu.br Local de realiza\u00e7\u00e3o: Centro de Aten\u00e7\u00e3o Integral ao Adolescente (CAIA), Avenida Morenitas, 2195, Vila Padre Monti, Foz do Igua\u00e7u \u2013 PR. CEP: 85855-190 Para mais informa\u00e7\u00f5es, acesse: https:\/\/sig.unila.edu.br\/sigaa\/link\/public\/extensao\/visualizacaoAcaoExtensao\/91793895<\/p>\n","protected":false},"author":2,"featured_media":0,"comment_status":"open","ping_status":"open","sticky":false,"template":"","format":"standard","meta":{"footnotes":""},"categories":[42,50,45],"tags":[],"class_list":["post-554","post","type-post","status-publish","format-standard","hentry","category-acao-de-extensao","category-cultura-e-artes","category-curso"],"_links":{"self":[{"href":"https:\/\/divulga.unila.edu.br\/umapas\/index.php?rest_route=\/wp\/v2\/posts\/554","targetHints":{"allow":["GET"]}}],"collection":[{"href":"https:\/\/divulga.unila.edu.br\/umapas\/index.php?rest_route=\/wp\/v2\/posts"}],"about":[{"href":"https:\/\/divulga.unila.edu.br\/umapas\/index.php?rest_route=\/wp\/v2\/types\/post"}],"author":[{"embeddable":true,"href":"https:\/\/divulga.unila.edu.br\/umapas\/index.php?rest_route=\/wp\/v2\/users\/2"}],"replies":[{"embeddable":true,"href":"https:\/\/divulga.unila.edu.br\/umapas\/index.php?rest_route=%2Fwp%2Fv2%2Fcomments&post=554"}],"version-history":[{"count":1,"href":"https:\/\/divulga.unila.edu.br\/umapas\/index.php?rest_route=\/wp\/v2\/posts\/554\/revisions"}],"predecessor-version":[{"id":555,"href":"https:\/\/divulga.unila.edu.br\/umapas\/index.php?rest_route=\/wp\/v2\/posts\/554\/revisions\/555"}],"wp:attachment":[{"href":"https:\/\/divulga.unila.edu.br\/umapas\/index.php?rest_route=%2Fwp%2Fv2%2Fmedia&parent=554"}],"wp:term":[{"taxonomy":"category","embeddable":true,"href":"https:\/\/divulga.unila.edu.br\/umapas\/index.php?rest_route=%2Fwp%2Fv2%2Fcategories&post=554"},{"taxonomy":"post_tag","embeddable":true,"href":"https:\/\/divulga.unila.edu.br\/umapas\/index.php?rest_route=%2Fwp%2Fv2%2Ftags&post=554"}],"curies":[{"name":"wp","href":"https:\/\/api.w.org\/{rel}","templated":true}]}}