{"id":5465,"date":"2021-06-15T09:35:06","date_gmt":"2021-06-15T12:35:06","guid":{"rendered":"https:\/\/unila.edu.br\/umapas\/?p=5465"},"modified":"2021-06-15T09:35:06","modified_gmt":"2021-06-15T12:35:06","slug":"portugues-para-estrangeiros-em-foz-do-iguacu-integracao-pela-diversidade-e-interdisciplinaridade-5","status":"publish","type":"post","link":"https:\/\/divulga.unila.edu.br\/umapas\/?p=5465","title":{"rendered":"Portugu\u00eas para Estrangeiros em Foz do Igua\u00e7u: integra\u00e7\u00e3o pela diversidade e interdisciplinaridade"},"content":{"rendered":"<p style=\"text-align: justify;\"><strong>Coordenador<\/strong> Gustavo Oliveira Vieira<\/p>\n<p style=\"text-align: justify;\"><strong>Contato:<\/strong> gustavo.vieira@unila.edu.br<\/p>\n<p><strong>Local de realiza\u00e7\u00e3o:<\/strong> UNILA Campus Jardim Universit\u00e1rio &#8211; Avenida Tarqu\u00ednio Joslin dos Santos, 1000, Loteamento Universit\u00e1rio das Am\u00e9ricas, Foz do Igua\u00e7u, Paran\u00e1 &#8211; Brasil.<\/p>\n<p><strong>Para mais informa\u00e7\u00f5es, acesse: <\/strong><a href=\"https:\/\/sig.unila.edu.br\/sigaa\/link\/public\/extensao\/visualizacaoAcaoExtensao\/91794899\" target=\"_blank\">https:\/\/sig.unila.edu.br\/sigaa\/link\/public\/extensao\/visualizacaoAcaoExtensao\/91794899<\/a><strong><br \/>\n<\/strong><\/p>\n","protected":false},"excerpt":{"rendered":"<p>Coordenador Gustavo Oliveira Vieira Contato: gustavo.vieira@unila.edu.br Local de realiza\u00e7\u00e3o: UNILA Campus Jardim Universit\u00e1rio &#8211; Avenida Tarqu\u00ednio Joslin dos Santos, 1000, Loteamento Universit\u00e1rio das Am\u00e9ricas, Foz do Igua\u00e7u, Paran\u00e1 &#8211; Brasil. Para mais informa\u00e7\u00f5es, acesse: https:\/\/sig.unila.edu.br\/sigaa\/link\/public\/extensao\/visualizacaoAcaoExtensao\/91794899<\/p>\n","protected":false},"author":24,"featured_media":0,"comment_status":"closed","ping_status":"open","sticky":false,"template":"","format":"standard","meta":{"footnotes":""},"categories":[42,45,52],"tags":[],"class_list":["post-5465","post","type-post","status-publish","format-standard","hentry","category-acao-de-extensao","category-curso","category-educacao-letras-e-linguas"],"_links":{"self":[{"href":"https:\/\/divulga.unila.edu.br\/umapas\/index.php?rest_route=\/wp\/v2\/posts\/5465","targetHints":{"allow":["GET"]}}],"collection":[{"href":"https:\/\/divulga.unila.edu.br\/umapas\/index.php?rest_route=\/wp\/v2\/posts"}],"about":[{"href":"https:\/\/divulga.unila.edu.br\/umapas\/index.php?rest_route=\/wp\/v2\/types\/post"}],"author":[{"embeddable":true,"href":"https:\/\/divulga.unila.edu.br\/umapas\/index.php?rest_route=\/wp\/v2\/users\/24"}],"replies":[{"embeddable":true,"href":"https:\/\/divulga.unila.edu.br\/umapas\/index.php?rest_route=%2Fwp%2Fv2%2Fcomments&post=5465"}],"version-history":[{"count":1,"href":"https:\/\/divulga.unila.edu.br\/umapas\/index.php?rest_route=\/wp\/v2\/posts\/5465\/revisions"}],"predecessor-version":[{"id":5467,"href":"https:\/\/divulga.unila.edu.br\/umapas\/index.php?rest_route=\/wp\/v2\/posts\/5465\/revisions\/5467"}],"wp:attachment":[{"href":"https:\/\/divulga.unila.edu.br\/umapas\/index.php?rest_route=%2Fwp%2Fv2%2Fmedia&parent=5465"}],"wp:term":[{"taxonomy":"category","embeddable":true,"href":"https:\/\/divulga.unila.edu.br\/umapas\/index.php?rest_route=%2Fwp%2Fv2%2Fcategories&post=5465"},{"taxonomy":"post_tag","embeddable":true,"href":"https:\/\/divulga.unila.edu.br\/umapas\/index.php?rest_route=%2Fwp%2Fv2%2Ftags&post=5465"}],"curies":[{"name":"wp","href":"https:\/\/api.w.org\/{rel}","templated":true}]}}