{"id":541,"date":"2017-02-09T16:37:01","date_gmt":"2017-02-09T16:37:01","guid":{"rendered":"http:\/\/10.80.6.168\/wordpress.mapeamento\/?p=541"},"modified":"2017-12-06T18:57:57","modified_gmt":"2017-12-06T18:57:57","slug":"formacao-em-lingua-brasileira-de-sinais-nivel-iniciante","status":"publish","type":"post","link":"https:\/\/divulga.unila.edu.br\/umapas\/?p=541","title":{"rendered":"Forma\u00e7\u00e3o em L\u00edngua Brasileira de Sinais &#8211; N\u00edvel Iniciante"},"content":{"rendered":"<p style=\"text-align: justify;\"><strong>Coordenadora:<\/strong> Din\u00e9ia Ghizzo Neto Fellini<\/p>\n<p style=\"text-align: justify;\"><strong>Contato:<\/strong> dineia.fellini@unila.edu.br<\/p>\n<p style=\"text-align: justify;\"><strong>Local de realiza\u00e7\u00e3o:<\/strong> Escola de Educa\u00e7\u00e3o Bil\u00edngue da Associa\u00e7\u00e3o Medianeirense de Surdos e Fissurados \u2013 Rua Minas Gerais, 1210, Nazar\u00e9, Medianeira \u2013 PR. CEP: 85884-000<\/p>\n<p><strong>Para mais informa\u00e7\u00f5es, acesse:<\/strong> <a href=\"https:\/\/sig.unila.edu.br\/sigaa\/link\/public\/extensao\/visualizacaoAcaoExtensao\/91793824\" target=\"_blank\">https:\/\/sig.unila.edu.br\/sigaa\/link\/public\/extensao\/visualizacaoAcaoExtensao\/91793824<\/a><\/p>\n","protected":false},"excerpt":{"rendered":"<p>Coordenadora: Din\u00e9ia Ghizzo Neto Fellini Contato: dineia.fellini@unila.edu.br Local de realiza\u00e7\u00e3o: Escola de Educa\u00e7\u00e3o Bil\u00edngue da Associa\u00e7\u00e3o Medianeirense de Surdos e Fissurados \u2013 Rua Minas Gerais, 1210, Nazar\u00e9, Medianeira \u2013 PR. CEP: 85884-000 Para mais informa\u00e7\u00f5es, acesse: https:\/\/sig.unila.edu.br\/sigaa\/link\/public\/extensao\/visualizacaoAcaoExtensao\/91793824<\/p>\n","protected":false},"author":2,"featured_media":0,"comment_status":"open","ping_status":"open","sticky":false,"template":"","format":"standard","meta":{"footnotes":""},"categories":[42,45,52],"tags":[],"class_list":["post-541","post","type-post","status-publish","format-standard","hentry","category-acao-de-extensao","category-curso","category-educacao-letras-e-linguas"],"_links":{"self":[{"href":"https:\/\/divulga.unila.edu.br\/umapas\/index.php?rest_route=\/wp\/v2\/posts\/541","targetHints":{"allow":["GET"]}}],"collection":[{"href":"https:\/\/divulga.unila.edu.br\/umapas\/index.php?rest_route=\/wp\/v2\/posts"}],"about":[{"href":"https:\/\/divulga.unila.edu.br\/umapas\/index.php?rest_route=\/wp\/v2\/types\/post"}],"author":[{"embeddable":true,"href":"https:\/\/divulga.unila.edu.br\/umapas\/index.php?rest_route=\/wp\/v2\/users\/2"}],"replies":[{"embeddable":true,"href":"https:\/\/divulga.unila.edu.br\/umapas\/index.php?rest_route=%2Fwp%2Fv2%2Fcomments&post=541"}],"version-history":[{"count":2,"href":"https:\/\/divulga.unila.edu.br\/umapas\/index.php?rest_route=\/wp\/v2\/posts\/541\/revisions"}],"predecessor-version":[{"id":961,"href":"https:\/\/divulga.unila.edu.br\/umapas\/index.php?rest_route=\/wp\/v2\/posts\/541\/revisions\/961"}],"wp:attachment":[{"href":"https:\/\/divulga.unila.edu.br\/umapas\/index.php?rest_route=%2Fwp%2Fv2%2Fmedia&parent=541"}],"wp:term":[{"taxonomy":"category","embeddable":true,"href":"https:\/\/divulga.unila.edu.br\/umapas\/index.php?rest_route=%2Fwp%2Fv2%2Fcategories&post=541"},{"taxonomy":"post_tag","embeddable":true,"href":"https:\/\/divulga.unila.edu.br\/umapas\/index.php?rest_route=%2Fwp%2Fv2%2Ftags&post=541"}],"curies":[{"name":"wp","href":"https:\/\/api.w.org\/{rel}","templated":true}]}}