{"id":539,"date":"2017-02-09T16:30:50","date_gmt":"2017-02-09T16:30:50","guid":{"rendered":"http:\/\/10.80.6.168\/wordpress.mapeamento\/?p=539"},"modified":"2017-09-06T18:50:19","modified_gmt":"2017-09-06T18:50:19","slug":"o-teatro-na-expressao-cotidiana-o-corpo-e-a-palavra-em-acao-ano-ii","status":"publish","type":"post","link":"https:\/\/divulga.unila.edu.br\/umapas\/?p=539","title":{"rendered":"O teatro na express\u00e3o cotidiana: O corpo e a palavra em A\u00e7\u00e3o &#8211; Ano II"},"content":{"rendered":"<p style=\"text-align: justify;\"><strong>Coordenador:<\/strong>\u00a0Andr\u00e9 de Souza Macedo<\/p>\n<p style=\"text-align: justify;\"><strong>Contato:<\/strong>\u00a0andre.macedo@unila.edu.br<\/p>\n<p style=\"text-align: justify;\"><strong>Local de realiza\u00e7\u00e3o:<\/strong> Centro de Aten\u00e7\u00e3o Integral ao Adolescente (CAIA) &#8211; Avenida Morenitas, 2195, Vila Padre Monti, Foz do Igua\u00e7u \u2013 PR. CEP: 85855-190<\/p>\n<p><strong>Para mais informa\u00e7\u00f5es, acesse:<\/strong> <a href=\"https:\/\/sig.unila.edu.br\/sigaa\/link\/public\/extensao\/visualizacaoAcaoExtensao\/91793835\" target=\"_blank\">https:\/\/sig.unila.edu.br\/sigaa\/link\/public\/extensao\/visualizacaoAcaoExtensao\/91793835<\/a><\/p>\n","protected":false},"excerpt":{"rendered":"<p>Coordenador:\u00a0Andr\u00e9 de Souza Macedo Contato:\u00a0andre.macedo@unila.edu.br Local de realiza\u00e7\u00e3o: Centro de Aten\u00e7\u00e3o Integral ao Adolescente (CAIA) &#8211; Avenida Morenitas, 2195, Vila Padre Monti, Foz do Igua\u00e7u \u2013 PR. CEP: 85855-190 Para mais informa\u00e7\u00f5es, acesse: https:\/\/sig.unila.edu.br\/sigaa\/link\/public\/extensao\/visualizacaoAcaoExtensao\/91793835<\/p>\n","protected":false},"author":2,"featured_media":0,"comment_status":"open","ping_status":"open","sticky":false,"template":"","format":"standard","meta":{"footnotes":""},"categories":[42,50,45],"tags":[],"class_list":["post-539","post","type-post","status-publish","format-standard","hentry","category-acao-de-extensao","category-cultura-e-artes","category-curso"],"_links":{"self":[{"href":"https:\/\/divulga.unila.edu.br\/umapas\/index.php?rest_route=\/wp\/v2\/posts\/539","targetHints":{"allow":["GET"]}}],"collection":[{"href":"https:\/\/divulga.unila.edu.br\/umapas\/index.php?rest_route=\/wp\/v2\/posts"}],"about":[{"href":"https:\/\/divulga.unila.edu.br\/umapas\/index.php?rest_route=\/wp\/v2\/types\/post"}],"author":[{"embeddable":true,"href":"https:\/\/divulga.unila.edu.br\/umapas\/index.php?rest_route=\/wp\/v2\/users\/2"}],"replies":[{"embeddable":true,"href":"https:\/\/divulga.unila.edu.br\/umapas\/index.php?rest_route=%2Fwp%2Fv2%2Fcomments&post=539"}],"version-history":[{"count":2,"href":"https:\/\/divulga.unila.edu.br\/umapas\/index.php?rest_route=\/wp\/v2\/posts\/539\/revisions"}],"predecessor-version":[{"id":950,"href":"https:\/\/divulga.unila.edu.br\/umapas\/index.php?rest_route=\/wp\/v2\/posts\/539\/revisions\/950"}],"wp:attachment":[{"href":"https:\/\/divulga.unila.edu.br\/umapas\/index.php?rest_route=%2Fwp%2Fv2%2Fmedia&parent=539"}],"wp:term":[{"taxonomy":"category","embeddable":true,"href":"https:\/\/divulga.unila.edu.br\/umapas\/index.php?rest_route=%2Fwp%2Fv2%2Fcategories&post=539"},{"taxonomy":"post_tag","embeddable":true,"href":"https:\/\/divulga.unila.edu.br\/umapas\/index.php?rest_route=%2Fwp%2Fv2%2Ftags&post=539"}],"curies":[{"name":"wp","href":"https:\/\/api.w.org\/{rel}","templated":true}]}}