{"id":4957,"date":"2020-10-13T18:57:51","date_gmt":"2020-10-13T18:57:51","guid":{"rendered":"https:\/\/unila.edu.br\/umapas\/?p=4957"},"modified":"2020-10-13T18:57:51","modified_gmt":"2020-10-13T18:57:51","slug":"promocao-da-sustentabilidade-economia-circular-e-educacao-ambiental-por-meio-da-valorizacao-de-residuos-de-podas-de-arvores","status":"publish","type":"post","link":"https:\/\/divulga.unila.edu.br\/umapas\/?p=4957","title":{"rendered":"Promo\u00e7\u00e3o da sustentabilidade, economia circular e educa\u00e7\u00e3o ambiental por meio da valoriza\u00e7\u00e3o de res\u00edduos de podas de \u00e1rvores"},"content":{"rendered":"<p style=\"text-align: justify;\"><strong>Coordenadora<\/strong> Katia Regina Garcia Punhagui<\/p>\n<p style=\"text-align: justify;\"><strong>Contato:<\/strong> katia.punhagui@unila.edu.br<\/p>\n<p><strong>Local de realiza\u00e7\u00e3o:<\/strong> Aterro Sanit\u00e1rio \u2013 Rua  ngela Aparecida de Andrade, s\/n, Jardim Porto Belo, Foz do Igua\u00e7u, Paran\u00e1 \u2013 Brasil. (1 de 2)<\/p>\n<p><strong>Para mais informa\u00e7\u00f5es, acesse: <\/strong><a href=\"https:\/\/sig.unila.edu.br\/sigaa\/link\/public\/extensao\/visualizacaoAcaoExtensao\/91794715\" target=\"_blank\">https:\/\/sig.unila.edu.br\/sigaa\/link\/public\/extensao\/visualizacaoAcaoExtensao\/91794715<\/a><strong><br \/>\n<\/strong><\/p>\n","protected":false},"excerpt":{"rendered":"<p>Coordenadora Katia Regina Garcia Punhagui Contato: katia.punhagui@unila.edu.br Local de realiza\u00e7\u00e3o: Aterro Sanit\u00e1rio \u2013 Rua ngela Aparecida de Andrade, s\/n, Jardim Porto Belo, Foz do Igua\u00e7u, Paran\u00e1 \u2013 Brasil. (1 de 2) Para mais informa\u00e7\u00f5es, acesse: https:\/\/sig.unila.edu.br\/sigaa\/link\/public\/extensao\/visualizacaoAcaoExtensao\/91794715<\/p>\n","protected":false},"author":24,"featured_media":0,"comment_status":"closed","ping_status":"open","sticky":false,"template":"","format":"standard","meta":{"footnotes":""},"categories":[42,53,43],"tags":[],"class_list":["post-4957","post","type-post","status-publish","format-standard","hentry","category-acao-de-extensao","category-meio-ambiente","category-projeto"],"_links":{"self":[{"href":"https:\/\/divulga.unila.edu.br\/umapas\/index.php?rest_route=\/wp\/v2\/posts\/4957","targetHints":{"allow":["GET"]}}],"collection":[{"href":"https:\/\/divulga.unila.edu.br\/umapas\/index.php?rest_route=\/wp\/v2\/posts"}],"about":[{"href":"https:\/\/divulga.unila.edu.br\/umapas\/index.php?rest_route=\/wp\/v2\/types\/post"}],"author":[{"embeddable":true,"href":"https:\/\/divulga.unila.edu.br\/umapas\/index.php?rest_route=\/wp\/v2\/users\/24"}],"replies":[{"embeddable":true,"href":"https:\/\/divulga.unila.edu.br\/umapas\/index.php?rest_route=%2Fwp%2Fv2%2Fcomments&post=4957"}],"version-history":[{"count":1,"href":"https:\/\/divulga.unila.edu.br\/umapas\/index.php?rest_route=\/wp\/v2\/posts\/4957\/revisions"}],"predecessor-version":[{"id":4958,"href":"https:\/\/divulga.unila.edu.br\/umapas\/index.php?rest_route=\/wp\/v2\/posts\/4957\/revisions\/4958"}],"wp:attachment":[{"href":"https:\/\/divulga.unila.edu.br\/umapas\/index.php?rest_route=%2Fwp%2Fv2%2Fmedia&parent=4957"}],"wp:term":[{"taxonomy":"category","embeddable":true,"href":"https:\/\/divulga.unila.edu.br\/umapas\/index.php?rest_route=%2Fwp%2Fv2%2Fcategories&post=4957"},{"taxonomy":"post_tag","embeddable":true,"href":"https:\/\/divulga.unila.edu.br\/umapas\/index.php?rest_route=%2Fwp%2Fv2%2Ftags&post=4957"}],"curies":[{"name":"wp","href":"https:\/\/api.w.org\/{rel}","templated":true}]}}