{"id":4913,"date":"2020-10-13T16:43:51","date_gmt":"2020-10-13T16:43:51","guid":{"rendered":"https:\/\/unila.edu.br\/umapas\/?p=4913"},"modified":"2020-10-13T16:43:51","modified_gmt":"2020-10-13T16:43:51","slug":"projeto-abraco-nas-escolas","status":"publish","type":"post","link":"https:\/\/divulga.unila.edu.br\/umapas\/?p=4913","title":{"rendered":"Projeto &#8220;abra\u00e7o nas escolas&#8221;"},"content":{"rendered":"<p style=\"text-align: justify;\"><strong>Coordenadora<\/strong> Sanely Lourenco da Costa<\/p>\n<p style=\"text-align: justify;\"><strong>Contato:<\/strong> sanelylc@hotmail.com<\/p>\n<p><strong>Local de realiza\u00e7\u00e3o:<\/strong> Centro Escola Bairro Arnaldo Isidoro de Lima &#8211; Rua D, 430, Vila C, Foz do Igua\u00e7u, Paran\u00e1 \u2013 Brasil. (1 de 7)<\/p>\n<p><strong>Para mais informa\u00e7\u00f5es, acesse: <\/strong><a href=\"https:\/\/sig.unila.edu.br\/sigaa\/link\/public\/extensao\/visualizacaoAcaoExtensao\/91794706\" target=\"_blank\">https:\/\/sig.unila.edu.br\/sigaa\/link\/public\/extensao\/visualizacaoAcaoExtensao\/91794706<\/a><strong><br \/>\n<\/strong><\/p>\n","protected":false},"excerpt":{"rendered":"<p>Coordenadora Sanely Lourenco da Costa Contato: sanelylc@hotmail.com Local de realiza\u00e7\u00e3o: Centro Escola Bairro Arnaldo Isidoro de Lima &#8211; Rua D, 430, Vila C, Foz do Igua\u00e7u, Paran\u00e1 \u2013 Brasil. (1 de 7) Para mais informa\u00e7\u00f5es, acesse: https:\/\/sig.unila.edu.br\/sigaa\/link\/public\/extensao\/visualizacaoAcaoExtensao\/91794706<\/p>\n","protected":false},"author":24,"featured_media":0,"comment_status":"closed","ping_status":"open","sticky":false,"template":"","format":"standard","meta":{"footnotes":""},"categories":[42,43,54],"tags":[],"class_list":["post-4913","post","type-post","status-publish","format-standard","hentry","category-acao-de-extensao","category-projeto","category-saude"],"_links":{"self":[{"href":"https:\/\/divulga.unila.edu.br\/umapas\/index.php?rest_route=\/wp\/v2\/posts\/4913","targetHints":{"allow":["GET"]}}],"collection":[{"href":"https:\/\/divulga.unila.edu.br\/umapas\/index.php?rest_route=\/wp\/v2\/posts"}],"about":[{"href":"https:\/\/divulga.unila.edu.br\/umapas\/index.php?rest_route=\/wp\/v2\/types\/post"}],"author":[{"embeddable":true,"href":"https:\/\/divulga.unila.edu.br\/umapas\/index.php?rest_route=\/wp\/v2\/users\/24"}],"replies":[{"embeddable":true,"href":"https:\/\/divulga.unila.edu.br\/umapas\/index.php?rest_route=%2Fwp%2Fv2%2Fcomments&post=4913"}],"version-history":[{"count":1,"href":"https:\/\/divulga.unila.edu.br\/umapas\/index.php?rest_route=\/wp\/v2\/posts\/4913\/revisions"}],"predecessor-version":[{"id":4914,"href":"https:\/\/divulga.unila.edu.br\/umapas\/index.php?rest_route=\/wp\/v2\/posts\/4913\/revisions\/4914"}],"wp:attachment":[{"href":"https:\/\/divulga.unila.edu.br\/umapas\/index.php?rest_route=%2Fwp%2Fv2%2Fmedia&parent=4913"}],"wp:term":[{"taxonomy":"category","embeddable":true,"href":"https:\/\/divulga.unila.edu.br\/umapas\/index.php?rest_route=%2Fwp%2Fv2%2Fcategories&post=4913"},{"taxonomy":"post_tag","embeddable":true,"href":"https:\/\/divulga.unila.edu.br\/umapas\/index.php?rest_route=%2Fwp%2Fv2%2Ftags&post=4913"}],"curies":[{"name":"wp","href":"https:\/\/api.w.org\/{rel}","templated":true}]}}