{"id":4872,"date":"2020-10-06T16:30:40","date_gmt":"2020-10-06T16:30:40","guid":{"rendered":"https:\/\/unila.edu.br\/umapas\/?p=4872"},"modified":"2020-10-06T16:30:40","modified_gmt":"2020-10-06T16:30:40","slug":"planejamento-decisao-e-governanca-na-gestao-publica-consideracoes-e-ferramentas-estruturantes","status":"publish","type":"post","link":"https:\/\/divulga.unila.edu.br\/umapas\/?p=4872","title":{"rendered":"Planejamento, decis\u00e3o e governan\u00e7a na gest\u00e3o p\u00fablica: considera\u00e7\u00f5es e ferramentas estruturantes"},"content":{"rendered":"<p style=\"text-align: justify;\"><strong>Coordenadora<\/strong> Francineide de Morais Bezerra<\/p>\n<p style=\"text-align: justify;\"><strong>Contato:<\/strong> francineidemb@gmail.com<\/p>\n<p><strong>Local de realiza\u00e7\u00e3o:<\/strong> UNILA Campus PTI \u2013 Avenida Tancredo Neves, 6731, Foz do Igua\u00e7u, Paran\u00e1 \u2013 Brasil.<\/p>\n<p><strong>Para mais informa\u00e7\u00f5es, acesse: <\/strong><a href=\"https:\/\/sig.unila.edu.br\/sigaa\/link\/public\/extensao\/visualizacaoAcaoExtensao\/91794479\" target=\"_blank\">https:\/\/sig.unila.edu.br\/sigaa\/link\/public\/extensao\/visualizacaoAcaoExtensao\/91794479<\/a><strong><br \/>\n<\/strong><\/p>\n","protected":false},"excerpt":{"rendered":"<p>Coordenadora Francineide de Morais Bezerra Contato: francineidemb@gmail.com Local de realiza\u00e7\u00e3o: UNILA Campus PTI \u2013 Avenida Tancredo Neves, 6731, Foz do Igua\u00e7u, Paran\u00e1 \u2013 Brasil. Para mais informa\u00e7\u00f5es, acesse: https:\/\/sig.unila.edu.br\/sigaa\/link\/public\/extensao\/visualizacaoAcaoExtensao\/91794479<\/p>\n","protected":false},"author":24,"featured_media":0,"comment_status":"closed","ping_status":"open","sticky":false,"template":"","format":"standard","meta":{"footnotes":""},"categories":[42,45,57],"tags":[],"class_list":["post-4872","post","type-post","status-publish","format-standard","hentry","category-acao-de-extensao","category-curso","category-economia-politica-e-desenvolvimento"],"_links":{"self":[{"href":"https:\/\/divulga.unila.edu.br\/umapas\/index.php?rest_route=\/wp\/v2\/posts\/4872","targetHints":{"allow":["GET"]}}],"collection":[{"href":"https:\/\/divulga.unila.edu.br\/umapas\/index.php?rest_route=\/wp\/v2\/posts"}],"about":[{"href":"https:\/\/divulga.unila.edu.br\/umapas\/index.php?rest_route=\/wp\/v2\/types\/post"}],"author":[{"embeddable":true,"href":"https:\/\/divulga.unila.edu.br\/umapas\/index.php?rest_route=\/wp\/v2\/users\/24"}],"replies":[{"embeddable":true,"href":"https:\/\/divulga.unila.edu.br\/umapas\/index.php?rest_route=%2Fwp%2Fv2%2Fcomments&post=4872"}],"version-history":[{"count":1,"href":"https:\/\/divulga.unila.edu.br\/umapas\/index.php?rest_route=\/wp\/v2\/posts\/4872\/revisions"}],"predecessor-version":[{"id":4875,"href":"https:\/\/divulga.unila.edu.br\/umapas\/index.php?rest_route=\/wp\/v2\/posts\/4872\/revisions\/4875"}],"wp:attachment":[{"href":"https:\/\/divulga.unila.edu.br\/umapas\/index.php?rest_route=%2Fwp%2Fv2%2Fmedia&parent=4872"}],"wp:term":[{"taxonomy":"category","embeddable":true,"href":"https:\/\/divulga.unila.edu.br\/umapas\/index.php?rest_route=%2Fwp%2Fv2%2Fcategories&post=4872"},{"taxonomy":"post_tag","embeddable":true,"href":"https:\/\/divulga.unila.edu.br\/umapas\/index.php?rest_route=%2Fwp%2Fv2%2Ftags&post=4872"}],"curies":[{"name":"wp","href":"https:\/\/api.w.org\/{rel}","templated":true}]}}