{"id":487,"date":"2017-02-03T20:06:14","date_gmt":"2017-02-03T20:06:14","guid":{"rendered":"http:\/\/10.80.6.168\/wordpress.mapeamento\/?p=487"},"modified":"2017-09-04T18:20:22","modified_gmt":"2017-09-04T18:20:22","slug":"curso-de-extensao-em-direitos-humanos-na-america-latina","status":"publish","type":"post","link":"https:\/\/divulga.unila.edu.br\/umapas\/?p=487","title":{"rendered":"Curso de Extens\u00e3o em Direitos Humanos na Am\u00e9rica Latina"},"content":{"rendered":"<p><strong>Coordenadora: <\/strong>Cec\u00edlia Maria de Morais Machado Angileli<\/p>\n<p><strong>Contato:<\/strong> cecilia.angileli@unila.edu.br<\/p>\n<p><strong>Local de realiza\u00e7\u00e3o:<\/strong> UNIOESTE Campus Foz do Igua\u00e7u &#8211; Avenida Tarqu\u00ednio Joslin dos Santos, 1300, Loteamento Universit\u00e1rio das Am\u00e9ricas, Foz do Igua\u00e7u \u2013 PR. CEP: 85870-650<\/p>\n<p><strong>Para mais informa\u00e7\u00f5es, acesse:<\/strong> <a href=\"https:\/\/sig.unila.edu.br\/sigaa\/link\/public\/extensao\/visualizacaoAcaoExtensao\/91793752\" target=\"_blank\">https:\/\/sig.unila.edu.br\/sigaa\/link\/public\/extensao\/visualizacaoAcaoExtensao\/91793752<\/a><\/p>\n","protected":false},"excerpt":{"rendered":"<p>Coordenadora: Cec\u00edlia Maria de Morais Machado Angileli Contato: cecilia.angileli@unila.edu.br Local de realiza\u00e7\u00e3o: UNIOESTE Campus Foz do Igua\u00e7u &#8211; Avenida Tarqu\u00ednio Joslin dos Santos, 1300, Loteamento Universit\u00e1rio das Am\u00e9ricas, Foz do Igua\u00e7u \u2013 PR. CEP: 85870-650 Para mais informa\u00e7\u00f5es, acesse: https:\/\/sig.unila.edu.br\/sigaa\/link\/public\/extensao\/visualizacaoAcaoExtensao\/91793752<\/p>\n","protected":false},"author":2,"featured_media":0,"comment_status":"open","ping_status":"open","sticky":false,"template":"","format":"standard","meta":{"footnotes":""},"categories":[42,45,51],"tags":[],"class_list":["post-487","post","type-post","status-publish","format-standard","hentry","category-acao-de-extensao","category-curso","category-direitos-humanos-e-justica"],"_links":{"self":[{"href":"https:\/\/divulga.unila.edu.br\/umapas\/index.php?rest_route=\/wp\/v2\/posts\/487","targetHints":{"allow":["GET"]}}],"collection":[{"href":"https:\/\/divulga.unila.edu.br\/umapas\/index.php?rest_route=\/wp\/v2\/posts"}],"about":[{"href":"https:\/\/divulga.unila.edu.br\/umapas\/index.php?rest_route=\/wp\/v2\/types\/post"}],"author":[{"embeddable":true,"href":"https:\/\/divulga.unila.edu.br\/umapas\/index.php?rest_route=\/wp\/v2\/users\/2"}],"replies":[{"embeddable":true,"href":"https:\/\/divulga.unila.edu.br\/umapas\/index.php?rest_route=%2Fwp%2Fv2%2Fcomments&post=487"}],"version-history":[{"count":5,"href":"https:\/\/divulga.unila.edu.br\/umapas\/index.php?rest_route=\/wp\/v2\/posts\/487\/revisions"}],"predecessor-version":[{"id":1248,"href":"https:\/\/divulga.unila.edu.br\/umapas\/index.php?rest_route=\/wp\/v2\/posts\/487\/revisions\/1248"}],"wp:attachment":[{"href":"https:\/\/divulga.unila.edu.br\/umapas\/index.php?rest_route=%2Fwp%2Fv2%2Fmedia&parent=487"}],"wp:term":[{"taxonomy":"category","embeddable":true,"href":"https:\/\/divulga.unila.edu.br\/umapas\/index.php?rest_route=%2Fwp%2Fv2%2Fcategories&post=487"},{"taxonomy":"post_tag","embeddable":true,"href":"https:\/\/divulga.unila.edu.br\/umapas\/index.php?rest_route=%2Fwp%2Fv2%2Ftags&post=487"}],"curies":[{"name":"wp","href":"https:\/\/api.w.org\/{rel}","templated":true}]}}