{"id":4836,"date":"2020-10-06T15:20:41","date_gmt":"2020-10-06T15:20:41","guid":{"rendered":"https:\/\/unila.edu.br\/umapas\/?p=4836"},"modified":"2021-09-28T16:14:41","modified_gmt":"2021-09-28T19:14:41","slug":"observatorio-da-integracao-regional-na-america-do-sul","status":"publish","type":"post","link":"https:\/\/divulga.unila.edu.br\/umapas\/?p=4836","title":{"rendered":"Observat\u00f3rio da integra\u00e7\u00e3o regional na Am\u00e9rica do Sul"},"content":{"rendered":"<p style=\"text-align: justify;\"><strong>Coordenador<\/strong> Lucas Kerr de Oliveira<\/p>\n<p style=\"text-align: justify;\"><strong>Contato:<\/strong> lucas.oliveira@unila.edu.br<\/p>\n<p><strong>Local de realiza\u00e7\u00e3o:<\/strong> UNILA Campus PTI \u2013 Avenida Tancredo Neves, 6731, Foz do Igua\u00e7u, Paran\u00e1 \u2013 Brasil.<\/p>\n<p><strong>Para mais informa\u00e7\u00f5es, acesse: <\/strong><a href=\"https:\/\/sig.unila.edu.br\/sigaa\/link\/public\/extensao\/visualizacaoAcaoExtensao\/91794567\" target=\"_blank\">https:\/\/sig.unila.edu.br\/sigaa\/link\/public\/extensao\/visualizacaoAcaoExtensao\/91794567<\/a><strong><br \/>\n<\/strong><\/p>\n","protected":false},"excerpt":{"rendered":"<p>Coordenador Lucas Kerr de Oliveira Contato: lucas.oliveira@unila.edu.br Local de realiza\u00e7\u00e3o: UNILA Campus PTI \u2013 Avenida Tancredo Neves, 6731, Foz do Igua\u00e7u, Paran\u00e1 \u2013 Brasil. Para mais informa\u00e7\u00f5es, acesse: https:\/\/sig.unila.edu.br\/sigaa\/link\/public\/extensao\/visualizacaoAcaoExtensao\/91794567<\/p>\n","protected":false},"author":24,"featured_media":0,"comment_status":"closed","ping_status":"open","sticky":false,"template":"","format":"standard","meta":{"footnotes":""},"categories":[42,57,43],"tags":[],"class_list":["post-4836","post","type-post","status-publish","format-standard","hentry","category-acao-de-extensao","category-economia-politica-e-desenvolvimento","category-projeto"],"_links":{"self":[{"href":"https:\/\/divulga.unila.edu.br\/umapas\/index.php?rest_route=\/wp\/v2\/posts\/4836","targetHints":{"allow":["GET"]}}],"collection":[{"href":"https:\/\/divulga.unila.edu.br\/umapas\/index.php?rest_route=\/wp\/v2\/posts"}],"about":[{"href":"https:\/\/divulga.unila.edu.br\/umapas\/index.php?rest_route=\/wp\/v2\/types\/post"}],"author":[{"embeddable":true,"href":"https:\/\/divulga.unila.edu.br\/umapas\/index.php?rest_route=\/wp\/v2\/users\/24"}],"replies":[{"embeddable":true,"href":"https:\/\/divulga.unila.edu.br\/umapas\/index.php?rest_route=%2Fwp%2Fv2%2Fcomments&post=4836"}],"version-history":[{"count":2,"href":"https:\/\/divulga.unila.edu.br\/umapas\/index.php?rest_route=\/wp\/v2\/posts\/4836\/revisions"}],"predecessor-version":[{"id":9809,"href":"https:\/\/divulga.unila.edu.br\/umapas\/index.php?rest_route=\/wp\/v2\/posts\/4836\/revisions\/9809"}],"wp:attachment":[{"href":"https:\/\/divulga.unila.edu.br\/umapas\/index.php?rest_route=%2Fwp%2Fv2%2Fmedia&parent=4836"}],"wp:term":[{"taxonomy":"category","embeddable":true,"href":"https:\/\/divulga.unila.edu.br\/umapas\/index.php?rest_route=%2Fwp%2Fv2%2Fcategories&post=4836"},{"taxonomy":"post_tag","embeddable":true,"href":"https:\/\/divulga.unila.edu.br\/umapas\/index.php?rest_route=%2Fwp%2Fv2%2Ftags&post=4836"}],"curies":[{"name":"wp","href":"https:\/\/api.w.org\/{rel}","templated":true}]}}