{"id":4734,"date":"2020-10-05T15:37:51","date_gmt":"2020-10-05T15:37:51","guid":{"rendered":"https:\/\/unila.edu.br\/umapas\/?p=4734"},"modified":"2020-10-05T15:37:51","modified_gmt":"2020-10-05T15:37:51","slug":"intervencao-comunitaria-para-a-prevencao-da-anemia-por-deficiencia-de-ferro-na-unidade-basica-de-saude-de-vila-c-nova","status":"publish","type":"post","link":"https:\/\/divulga.unila.edu.br\/umapas\/?p=4734","title":{"rendered":"Interven\u00e7\u00e3o comunit\u00e1ria para a preven\u00e7\u00e3o da Anemia por defici\u00eancia de ferro na unidade b\u00e1sica de sa\u00fade de Vila C Nova"},"content":{"rendered":"<p style=\"text-align: justify;\"><strong>Coordenador<\/strong> Ramon Mario Bellon Prestamo<\/p>\n<p style=\"text-align: justify;\"><strong>Contato:<\/strong> bellonp32@gmail.com<\/p>\n<p><strong>Local de realiza\u00e7\u00e3o:<\/strong> USF Vila C Nova \u2013 Rua O, s\/n, Vila C Nova, Foz do Igua\u00e7u, Paran\u00e1 \u2013 Brasil.<\/p>\n<p><strong>Para mais informa\u00e7\u00f5es, acesse: <\/strong><a href=\"https:\/\/sig.unila.edu.br\/sigaa\/link\/public\/extensao\/visualizacaoAcaoExtensao\/91794687\" target=\"_blank\">https:\/\/sig.unila.edu.br\/sigaa\/link\/public\/extensao\/visualizacaoAcaoExtensao\/91794687<\/a><strong><br \/>\n<\/strong><\/p>\n","protected":false},"excerpt":{"rendered":"<p>Coordenador Ramon Mario Bellon Prestamo Contato: bellonp32@gmail.com Local de realiza\u00e7\u00e3o: USF Vila C Nova \u2013 Rua O, s\/n, Vila C Nova, Foz do Igua\u00e7u, Paran\u00e1 \u2013 Brasil. Para mais informa\u00e7\u00f5es, acesse: https:\/\/sig.unila.edu.br\/sigaa\/link\/public\/extensao\/visualizacaoAcaoExtensao\/91794687<\/p>\n","protected":false},"author":24,"featured_media":0,"comment_status":"closed","ping_status":"open","sticky":false,"template":"","format":"standard","meta":{"footnotes":""},"categories":[42,43,54],"tags":[],"class_list":["post-4734","post","type-post","status-publish","format-standard","hentry","category-acao-de-extensao","category-projeto","category-saude"],"_links":{"self":[{"href":"https:\/\/divulga.unila.edu.br\/umapas\/index.php?rest_route=\/wp\/v2\/posts\/4734","targetHints":{"allow":["GET"]}}],"collection":[{"href":"https:\/\/divulga.unila.edu.br\/umapas\/index.php?rest_route=\/wp\/v2\/posts"}],"about":[{"href":"https:\/\/divulga.unila.edu.br\/umapas\/index.php?rest_route=\/wp\/v2\/types\/post"}],"author":[{"embeddable":true,"href":"https:\/\/divulga.unila.edu.br\/umapas\/index.php?rest_route=\/wp\/v2\/users\/24"}],"replies":[{"embeddable":true,"href":"https:\/\/divulga.unila.edu.br\/umapas\/index.php?rest_route=%2Fwp%2Fv2%2Fcomments&post=4734"}],"version-history":[{"count":1,"href":"https:\/\/divulga.unila.edu.br\/umapas\/index.php?rest_route=\/wp\/v2\/posts\/4734\/revisions"}],"predecessor-version":[{"id":4735,"href":"https:\/\/divulga.unila.edu.br\/umapas\/index.php?rest_route=\/wp\/v2\/posts\/4734\/revisions\/4735"}],"wp:attachment":[{"href":"https:\/\/divulga.unila.edu.br\/umapas\/index.php?rest_route=%2Fwp%2Fv2%2Fmedia&parent=4734"}],"wp:term":[{"taxonomy":"category","embeddable":true,"href":"https:\/\/divulga.unila.edu.br\/umapas\/index.php?rest_route=%2Fwp%2Fv2%2Fcategories&post=4734"},{"taxonomy":"post_tag","embeddable":true,"href":"https:\/\/divulga.unila.edu.br\/umapas\/index.php?rest_route=%2Fwp%2Fv2%2Ftags&post=4734"}],"curies":[{"name":"wp","href":"https:\/\/api.w.org\/{rel}","templated":true}]}}