{"id":472,"date":"2017-01-27T19:54:30","date_gmt":"2017-01-27T19:54:30","guid":{"rendered":"http:\/\/10.80.6.168\/wordpress.mapeamento\/?p=472"},"modified":"2019-10-09T16:29:35","modified_gmt":"2019-10-09T16:29:35","slug":"casa-familia-maria-porta-do-ceu","status":"publish","type":"post","link":"https:\/\/divulga.unila.edu.br\/umapas\/?p=472","title":{"rendered":"Casa Fam\u00edlia Maria Porta do C\u00e9u"},"content":{"rendered":"<p style=\"text-align: justify;\">A Casa Fam\u00edlia Maria Porta do C\u00e9u oferece o servi\u00e7o de acolhimento institucional a crian\u00e7as e adolescentes afastados do conv\u00edvio familiar por meio de medida protetiva de acolhimento, em fun\u00e7\u00e3o de abandono ou cujas fam\u00edlias\/respons\u00e1veis encontram-se temporariamente impossibilitados de cumprir sua fun\u00e7\u00e3o de cuidado e prote\u00e7\u00e3o.\u00a0 A institui\u00e7\u00e3o realiza oficinas de Artes Circenses e Bal\u00e9 no contra turno, visando a preven\u00e7\u00e3o de viol\u00eancias contra crian\u00e7as e adolescentes da regi\u00e3o, o fortalecimento de sua autonomia e o resgate de valores humanos e \u00e9ticos para uma forma\u00e7\u00e3o cidad\u00e3.<\/p>\n<p style=\"text-align: justify;\"><strong>P\u00fablico-alvo:<\/strong> Crian\u00e7as e adolescentes<\/p>\n<p style=\"text-align: left;\"><strong>Endere\u00e7o:<\/strong> Avenida Curitiba, 185, Jardim Paran\u00e1, Foz do Igua\u00e7u, Paran\u00e1, Brasil. CEP: 85867-150.<\/p>\n<p style=\"text-align: left;\"><strong>Contato:<\/strong> (45) 35777825 |\u00a0<span data-sheets-value=\"{&quot;1&quot;:2,&quot;2&quot;:&quot;(45) 98406-7473&quot;}\" data-sheets-userformat=\"{&quot;2&quot;:12737,&quot;3&quot;:{&quot;1&quot;:0,&quot;3&quot;:1},&quot;9&quot;:1,&quot;10&quot;:1,&quot;11&quot;:4,&quot;15&quot;:&quot;Comic Sans MS&quot;,&quot;16&quot;:12}\">(45) 98406-7473<\/span> | casa.familia.cfmpc@gmail.com | <a href=\"https:\/\/casafamiliafoz.blogspot.com\" target=\"_blank\">https:\/\/casafamiliafoz.blogspot.com<\/a> | <a href=\"https:\/\/www.facebook.com\/CasaFamiliaMariaPortaDoCeu\/\" target=\"_blank\">https:\/\/www.facebook.com\/CasaFamiliaMariaPortaDoCeu\/<\/a><\/p>\n<p style=\"text-align: left;\"><strong>Demandas:<\/strong> <span data-sheets-value=\"{&quot;1&quot;:2,&quot;2&quot;:&quot;Atividades de apoio institucional; Atividades art\u00edsticas e culturais; Atividades educacionais; Atividades esportivas.&quot;}\" data-sheets-userformat=\"{&quot;2&quot;:13249,&quot;3&quot;:{&quot;1&quot;:0},&quot;9&quot;:1,&quot;10&quot;:1,&quot;11&quot;:4,&quot;12&quot;:0,&quot;15&quot;:&quot;Comic Sans MS&quot;,&quot;16&quot;:12}\">Atividades de apoio institucional, art\u00edsticas e culturais, educacionais e esportivas.<\/span><\/p>\n","protected":false},"excerpt":{"rendered":"<p>A Casa Fam\u00edlia Maria Porta do C\u00e9u oferece o servi\u00e7o de acolhimento institucional a crian\u00e7as e adolescentes afastados do conv\u00edvio familiar por meio de medida protetiva de acolhimento, em fun\u00e7\u00e3o de abandono ou cujas fam\u00edlias\/respons\u00e1veis encontram-se temporariamente impossibilitados de cumprir sua fun\u00e7\u00e3o de cuidado e prote\u00e7\u00e3o.\u00a0 A institui\u00e7\u00e3o realiza oficinas de Artes Circenses e Bal\u00e9 [&hellip;]<\/p>\n","protected":false},"author":2,"featured_media":0,"comment_status":"closed","ping_status":"closed","sticky":false,"template":"","format":"standard","meta":{"footnotes":""},"categories":[32,41,30],"tags":[36,66,17,26],"class_list":["post-472","post","type-post","status-publish","format-standard","hentry","category-associacao-privada","category-atores-sociais","category-instituicao-privada","tag-adolescente","tag-casa-familia-maria-porta-do-ceu","tag-crianca","tag-foz-do-iguacu"],"_links":{"self":[{"href":"https:\/\/divulga.unila.edu.br\/umapas\/index.php?rest_route=\/wp\/v2\/posts\/472","targetHints":{"allow":["GET"]}}],"collection":[{"href":"https:\/\/divulga.unila.edu.br\/umapas\/index.php?rest_route=\/wp\/v2\/posts"}],"about":[{"href":"https:\/\/divulga.unila.edu.br\/umapas\/index.php?rest_route=\/wp\/v2\/types\/post"}],"author":[{"embeddable":true,"href":"https:\/\/divulga.unila.edu.br\/umapas\/index.php?rest_route=\/wp\/v2\/users\/2"}],"replies":[{"embeddable":true,"href":"https:\/\/divulga.unila.edu.br\/umapas\/index.php?rest_route=%2Fwp%2Fv2%2Fcomments&post=472"}],"version-history":[{"count":4,"href":"https:\/\/divulga.unila.edu.br\/umapas\/index.php?rest_route=\/wp\/v2\/posts\/472\/revisions"}],"predecessor-version":[{"id":2997,"href":"https:\/\/divulga.unila.edu.br\/umapas\/index.php?rest_route=\/wp\/v2\/posts\/472\/revisions\/2997"}],"wp:attachment":[{"href":"https:\/\/divulga.unila.edu.br\/umapas\/index.php?rest_route=%2Fwp%2Fv2%2Fmedia&parent=472"}],"wp:term":[{"taxonomy":"category","embeddable":true,"href":"https:\/\/divulga.unila.edu.br\/umapas\/index.php?rest_route=%2Fwp%2Fv2%2Fcategories&post=472"},{"taxonomy":"post_tag","embeddable":true,"href":"https:\/\/divulga.unila.edu.br\/umapas\/index.php?rest_route=%2Fwp%2Fv2%2Ftags&post=472"}],"curies":[{"name":"wp","href":"https:\/\/api.w.org\/{rel}","templated":true}]}}