{"id":4537,"date":"2020-09-30T13:05:23","date_gmt":"2020-09-30T13:05:23","guid":{"rendered":"https:\/\/unila.edu.br\/umapas\/?p=4537"},"modified":"2020-09-30T13:05:23","modified_gmt":"2020-09-30T13:05:23","slug":"do-espaco-livre-ao-espaco-apropriado-uma-proposta-de-requalificacao-para-as-areas-de-lazer-de-quatro-casas-lares-em-foz-do-iguacu-pr","status":"publish","type":"post","link":"https:\/\/divulga.unila.edu.br\/umapas\/?p=4537","title":{"rendered":"Do espa\u00e7o livre ao espa\u00e7o apropriado: uma proposta de requalifica\u00e7\u00e3o para as \u00e1reas de lazer de quatro casas-lares em Foz do Igua\u00e7u &#8211; PR"},"content":{"rendered":"<p style=\"text-align: justify;\"><strong>Coordenadora<\/strong> Juliana Pires Frigo<\/p>\n<p style=\"text-align: justify;\"><strong>Contato:<\/strong> juliana.frigo@unila.edu.br<\/p>\n<p><strong>Local de realiza\u00e7\u00e3o:<\/strong> Casa Fam\u00edlia Maria Porta do C\u00e9u &#8211; Avenida Curitiba, 185, Jardim Paran\u00e1, Foz do Igua\u00e7u, Paran\u00e1 \u2013 Brasil.<\/p>\n<p><strong>Para mais informa\u00e7\u00f5es, acesse: <\/strong><a href=\"https:\/\/sig.unila.edu.br\/sigaa\/link\/public\/extensao\/visualizacaoAcaoExtensao\/91794512\" target=\"_blank\">https:\/\/sig.unila.edu.br\/sigaa\/link\/public\/extensao\/visualizacaoAcaoExtensao\/91794512<\/a><strong><br \/>\n<\/strong><\/p>\n","protected":false},"excerpt":{"rendered":"<p>Coordenadora Juliana Pires Frigo Contato: juliana.frigo@unila.edu.br Local de realiza\u00e7\u00e3o: Casa Fam\u00edlia Maria Porta do C\u00e9u &#8211; Avenida Curitiba, 185, Jardim Paran\u00e1, Foz do Igua\u00e7u, Paran\u00e1 \u2013 Brasil. Para mais informa\u00e7\u00f5es, acesse: https:\/\/sig.unila.edu.br\/sigaa\/link\/public\/extensao\/visualizacaoAcaoExtensao\/91794512<\/p>\n","protected":false},"author":24,"featured_media":0,"comment_status":"closed","ping_status":"open","sticky":false,"template":"","format":"standard","meta":{"footnotes":""},"categories":[42,51,43],"tags":[],"class_list":["post-4537","post","type-post","status-publish","format-standard","hentry","category-acao-de-extensao","category-direitos-humanos-e-justica","category-projeto"],"_links":{"self":[{"href":"https:\/\/divulga.unila.edu.br\/umapas\/index.php?rest_route=\/wp\/v2\/posts\/4537","targetHints":{"allow":["GET"]}}],"collection":[{"href":"https:\/\/divulga.unila.edu.br\/umapas\/index.php?rest_route=\/wp\/v2\/posts"}],"about":[{"href":"https:\/\/divulga.unila.edu.br\/umapas\/index.php?rest_route=\/wp\/v2\/types\/post"}],"author":[{"embeddable":true,"href":"https:\/\/divulga.unila.edu.br\/umapas\/index.php?rest_route=\/wp\/v2\/users\/24"}],"replies":[{"embeddable":true,"href":"https:\/\/divulga.unila.edu.br\/umapas\/index.php?rest_route=%2Fwp%2Fv2%2Fcomments&post=4537"}],"version-history":[{"count":1,"href":"https:\/\/divulga.unila.edu.br\/umapas\/index.php?rest_route=\/wp\/v2\/posts\/4537\/revisions"}],"predecessor-version":[{"id":4538,"href":"https:\/\/divulga.unila.edu.br\/umapas\/index.php?rest_route=\/wp\/v2\/posts\/4537\/revisions\/4538"}],"wp:attachment":[{"href":"https:\/\/divulga.unila.edu.br\/umapas\/index.php?rest_route=%2Fwp%2Fv2%2Fmedia&parent=4537"}],"wp:term":[{"taxonomy":"category","embeddable":true,"href":"https:\/\/divulga.unila.edu.br\/umapas\/index.php?rest_route=%2Fwp%2Fv2%2Fcategories&post=4537"},{"taxonomy":"post_tag","embeddable":true,"href":"https:\/\/divulga.unila.edu.br\/umapas\/index.php?rest_route=%2Fwp%2Fv2%2Ftags&post=4537"}],"curies":[{"name":"wp","href":"https:\/\/api.w.org\/{rel}","templated":true}]}}