{"id":4381,"date":"2020-09-28T17:40:48","date_gmt":"2020-09-28T17:40:48","guid":{"rendered":"https:\/\/unila.edu.br\/umapas\/?p=4381"},"modified":"2020-09-28T17:40:48","modified_gmt":"2020-09-28T17:40:48","slug":"cinema-na-escola-formacao-para-professores-de-arte","status":"publish","type":"post","link":"https:\/\/divulga.unila.edu.br\/umapas\/?p=4381","title":{"rendered":"Cinema na escola: forma\u00e7\u00e3o para professores de Arte"},"content":{"rendered":"<p style=\"text-align: justify;\"><strong>Coordenadora<\/strong> Kira Santos Pereira<\/p>\n<p style=\"text-align: justify;\"><strong>Contato:<\/strong> kira.pereira@unila.edu.br<\/p>\n<p><strong>Local de realiza\u00e7\u00e3o:<\/strong> N\u00facleo Regional de Educa\u00e7\u00e3o \u2013 Rua Quintino Bocai\u00fava, 429, Centro, Foz do Igua\u00e7u, Paran\u00e1 \u2013 Brasil. (1 de 3)<\/p>\n<p><strong>Para mais informa\u00e7\u00f5es, acesse: <\/strong><a href=\"https:\/\/sig.unila.edu.br\/sigaa\/link\/public\/extensao\/visualizacaoAcaoExtensao\/91794454\" target=\"_blank\">https:\/\/sig.unila.edu.br\/sigaa\/link\/public\/extensao\/visualizacaoAcaoExtensao\/91794454<\/a><strong><br \/>\n<\/strong><\/p>\n","protected":false},"excerpt":{"rendered":"<p>Coordenadora Kira Santos Pereira Contato: kira.pereira@unila.edu.br Local de realiza\u00e7\u00e3o: N\u00facleo Regional de Educa\u00e7\u00e3o \u2013 Rua Quintino Bocai\u00fava, 429, Centro, Foz do Igua\u00e7u, Paran\u00e1 \u2013 Brasil. (1 de 3) Para mais informa\u00e7\u00f5es, acesse: https:\/\/sig.unila.edu.br\/sigaa\/link\/public\/extensao\/visualizacaoAcaoExtensao\/91794454<\/p>\n","protected":false},"author":24,"featured_media":0,"comment_status":"closed","ping_status":"open","sticky":false,"template":"","format":"standard","meta":{"footnotes":""},"categories":[42,50,43],"tags":[],"class_list":["post-4381","post","type-post","status-publish","format-standard","hentry","category-acao-de-extensao","category-cultura-e-artes","category-projeto"],"_links":{"self":[{"href":"https:\/\/divulga.unila.edu.br\/umapas\/index.php?rest_route=\/wp\/v2\/posts\/4381","targetHints":{"allow":["GET"]}}],"collection":[{"href":"https:\/\/divulga.unila.edu.br\/umapas\/index.php?rest_route=\/wp\/v2\/posts"}],"about":[{"href":"https:\/\/divulga.unila.edu.br\/umapas\/index.php?rest_route=\/wp\/v2\/types\/post"}],"author":[{"embeddable":true,"href":"https:\/\/divulga.unila.edu.br\/umapas\/index.php?rest_route=\/wp\/v2\/users\/24"}],"replies":[{"embeddable":true,"href":"https:\/\/divulga.unila.edu.br\/umapas\/index.php?rest_route=%2Fwp%2Fv2%2Fcomments&post=4381"}],"version-history":[{"count":1,"href":"https:\/\/divulga.unila.edu.br\/umapas\/index.php?rest_route=\/wp\/v2\/posts\/4381\/revisions"}],"predecessor-version":[{"id":4382,"href":"https:\/\/divulga.unila.edu.br\/umapas\/index.php?rest_route=\/wp\/v2\/posts\/4381\/revisions\/4382"}],"wp:attachment":[{"href":"https:\/\/divulga.unila.edu.br\/umapas\/index.php?rest_route=%2Fwp%2Fv2%2Fmedia&parent=4381"}],"wp:term":[{"taxonomy":"category","embeddable":true,"href":"https:\/\/divulga.unila.edu.br\/umapas\/index.php?rest_route=%2Fwp%2Fv2%2Fcategories&post=4381"},{"taxonomy":"post_tag","embeddable":true,"href":"https:\/\/divulga.unila.edu.br\/umapas\/index.php?rest_route=%2Fwp%2Fv2%2Ftags&post=4381"}],"curies":[{"name":"wp","href":"https:\/\/api.w.org\/{rel}","templated":true}]}}