{"id":4363,"date":"2020-09-28T17:11:23","date_gmt":"2020-09-28T17:11:23","guid":{"rendered":"https:\/\/unila.edu.br\/umapas\/?p=4363"},"modified":"2020-09-28T17:11:23","modified_gmt":"2020-09-28T17:11:23","slug":"ciclo-sonoro-4","status":"publish","type":"post","link":"https:\/\/divulga.unila.edu.br\/umapas\/?p=4363","title":{"rendered":"Ciclo sonoro"},"content":{"rendered":"<p style=\"text-align: justify;\"><strong>Coordenador<\/strong> Felipe Jose Oliveira Abreu<\/p>\n<p style=\"text-align: justify;\"><strong>Contato:<\/strong> felicello@gmail.com<\/p>\n<p><strong>Local de realiza\u00e7\u00e3o:<\/strong> Funda\u00e7\u00e3o Cultural \u2013 Rua Benjamim Constant, 62, Centro, Foz do Igua\u00e7u, Paran\u00e1 \u2013 Brasil. (1 de 2)<\/p>\n<p><strong>Para mais informa\u00e7\u00f5es, acesse: <\/strong><a href=\"https:\/\/sig.unila.edu.br\/sigaa\/link\/public\/extensao\/visualizacaoAcaoExtensao\/91794545\" target=\"_blank\">https:\/\/sig.unila.edu.br\/sigaa\/link\/public\/extensao\/visualizacaoAcaoExtensao\/91794545<\/a><strong><br \/>\n<\/strong><\/p>\n","protected":false},"excerpt":{"rendered":"<p>Coordenador Felipe Jose Oliveira Abreu Contato: felicello@gmail.com Local de realiza\u00e7\u00e3o: Funda\u00e7\u00e3o Cultural \u2013 Rua Benjamim Constant, 62, Centro, Foz do Igua\u00e7u, Paran\u00e1 \u2013 Brasil. (1 de 2) Para mais informa\u00e7\u00f5es, acesse: https:\/\/sig.unila.edu.br\/sigaa\/link\/public\/extensao\/visualizacaoAcaoExtensao\/91794545<\/p>\n","protected":false},"author":24,"featured_media":0,"comment_status":"closed","ping_status":"open","sticky":false,"template":"","format":"standard","meta":{"footnotes":""},"categories":[42,50,43],"tags":[],"class_list":["post-4363","post","type-post","status-publish","format-standard","hentry","category-acao-de-extensao","category-cultura-e-artes","category-projeto"],"_links":{"self":[{"href":"https:\/\/divulga.unila.edu.br\/umapas\/index.php?rest_route=\/wp\/v2\/posts\/4363","targetHints":{"allow":["GET"]}}],"collection":[{"href":"https:\/\/divulga.unila.edu.br\/umapas\/index.php?rest_route=\/wp\/v2\/posts"}],"about":[{"href":"https:\/\/divulga.unila.edu.br\/umapas\/index.php?rest_route=\/wp\/v2\/types\/post"}],"author":[{"embeddable":true,"href":"https:\/\/divulga.unila.edu.br\/umapas\/index.php?rest_route=\/wp\/v2\/users\/24"}],"replies":[{"embeddable":true,"href":"https:\/\/divulga.unila.edu.br\/umapas\/index.php?rest_route=%2Fwp%2Fv2%2Fcomments&post=4363"}],"version-history":[{"count":1,"href":"https:\/\/divulga.unila.edu.br\/umapas\/index.php?rest_route=\/wp\/v2\/posts\/4363\/revisions"}],"predecessor-version":[{"id":4366,"href":"https:\/\/divulga.unila.edu.br\/umapas\/index.php?rest_route=\/wp\/v2\/posts\/4363\/revisions\/4366"}],"wp:attachment":[{"href":"https:\/\/divulga.unila.edu.br\/umapas\/index.php?rest_route=%2Fwp%2Fv2%2Fmedia&parent=4363"}],"wp:term":[{"taxonomy":"category","embeddable":true,"href":"https:\/\/divulga.unila.edu.br\/umapas\/index.php?rest_route=%2Fwp%2Fv2%2Fcategories&post=4363"},{"taxonomy":"post_tag","embeddable":true,"href":"https:\/\/divulga.unila.edu.br\/umapas\/index.php?rest_route=%2Fwp%2Fv2%2Ftags&post=4363"}],"curies":[{"name":"wp","href":"https:\/\/api.w.org\/{rel}","templated":true}]}}