{"id":4247,"date":"2020-09-21T18:32:28","date_gmt":"2020-09-21T18:32:28","guid":{"rendered":"https:\/\/unila.edu.br\/umapas\/?p=4247"},"modified":"2020-09-21T18:32:28","modified_gmt":"2020-09-21T18:32:28","slug":"a-saude-da-mulher-em-situacao-prisional-no-municipio-de-foz-do-iguacu-pr","status":"publish","type":"post","link":"https:\/\/divulga.unila.edu.br\/umapas\/?p=4247","title":{"rendered":"A sa\u00fade da mulher em situa\u00e7\u00e3o prisional no munic\u00edpio de Foz do Igua\u00e7u &#8211; PR"},"content":{"rendered":"<p style=\"text-align: justify;\"><strong>Coordenadora<\/strong> Wilma Nancy Campos Arze<\/p>\n<p style=\"text-align: justify;\"><strong>Contato:<\/strong> wilmamestrado@hotmail.com<\/p>\n<p><strong>Local de realiza\u00e7\u00e3o:<\/strong> Centro de Reintegra\u00e7\u00e3o Feminino (CRESF) &#8211; Rua Netuno, 182, Parque Tr\u00eas Fronteiras, Foz do Igua\u00e7u, Paran\u00e1 \u2013 Brasil.<\/p>\n<p><strong>Para mais informa\u00e7\u00f5es, acesse: <\/strong><a href=\"https:\/\/sig.unila.edu.br\/sigaa\/link\/public\/extensao\/visualizacaoAcaoExtensao\/91794392\" target=\"_blank\">https:\/\/sig.unila.edu.br\/sigaa\/link\/public\/extensao\/visualizacaoAcaoExtensao\/91794392<\/a><strong><br \/>\n<\/strong><\/p>\n","protected":false},"excerpt":{"rendered":"<p>Coordenadora Wilma Nancy Campos Arze Contato: wilmamestrado@hotmail.com Local de realiza\u00e7\u00e3o: Centro de Reintegra\u00e7\u00e3o Feminino (CRESF) &#8211; Rua Netuno, 182, Parque Tr\u00eas Fronteiras, Foz do Igua\u00e7u, Paran\u00e1 \u2013 Brasil. Para mais informa\u00e7\u00f5es, acesse: https:\/\/sig.unila.edu.br\/sigaa\/link\/public\/extensao\/visualizacaoAcaoExtensao\/91794392<\/p>\n","protected":false},"author":24,"featured_media":0,"comment_status":"closed","ping_status":"open","sticky":false,"template":"","format":"standard","meta":{"footnotes":""},"categories":[42,43,54],"tags":[],"class_list":["post-4247","post","type-post","status-publish","format-standard","hentry","category-acao-de-extensao","category-projeto","category-saude"],"_links":{"self":[{"href":"https:\/\/divulga.unila.edu.br\/umapas\/index.php?rest_route=\/wp\/v2\/posts\/4247","targetHints":{"allow":["GET"]}}],"collection":[{"href":"https:\/\/divulga.unila.edu.br\/umapas\/index.php?rest_route=\/wp\/v2\/posts"}],"about":[{"href":"https:\/\/divulga.unila.edu.br\/umapas\/index.php?rest_route=\/wp\/v2\/types\/post"}],"author":[{"embeddable":true,"href":"https:\/\/divulga.unila.edu.br\/umapas\/index.php?rest_route=\/wp\/v2\/users\/24"}],"replies":[{"embeddable":true,"href":"https:\/\/divulga.unila.edu.br\/umapas\/index.php?rest_route=%2Fwp%2Fv2%2Fcomments&post=4247"}],"version-history":[{"count":1,"href":"https:\/\/divulga.unila.edu.br\/umapas\/index.php?rest_route=\/wp\/v2\/posts\/4247\/revisions"}],"predecessor-version":[{"id":4250,"href":"https:\/\/divulga.unila.edu.br\/umapas\/index.php?rest_route=\/wp\/v2\/posts\/4247\/revisions\/4250"}],"wp:attachment":[{"href":"https:\/\/divulga.unila.edu.br\/umapas\/index.php?rest_route=%2Fwp%2Fv2%2Fmedia&parent=4247"}],"wp:term":[{"taxonomy":"category","embeddable":true,"href":"https:\/\/divulga.unila.edu.br\/umapas\/index.php?rest_route=%2Fwp%2Fv2%2Fcategories&post=4247"},{"taxonomy":"post_tag","embeddable":true,"href":"https:\/\/divulga.unila.edu.br\/umapas\/index.php?rest_route=%2Fwp%2Fv2%2Ftags&post=4247"}],"curies":[{"name":"wp","href":"https:\/\/api.w.org\/{rel}","templated":true}]}}