{"id":3986,"date":"2020-09-09T14:07:27","date_gmt":"2020-09-09T14:07:27","guid":{"rendered":"https:\/\/unila.edu.br\/umapas\/?p=3986"},"modified":"2020-09-09T14:07:27","modified_gmt":"2020-09-09T14:07:27","slug":"teatro-legislativo-cidadania-e-identidade-experiencia-com-mulheres-nas-migracoes-em-chiapas-mexico","status":"publish","type":"post","link":"https:\/\/divulga.unila.edu.br\/umapas\/?p=3986","title":{"rendered":"Teatro legislativo, cidadania e identidade: experi\u00eancia com mulheres nas migra\u00e7\u00f5es em chiapas &#8211; M\u00e9xico"},"content":{"rendered":"<p style=\"text-align: justify;\"><strong>Coordenadora<\/strong> Debora Cota<\/p>\n<p style=\"text-align: justify;\"><strong>Contato:<\/strong> debora.cota@unila.edu.br<\/p>\n<p><strong>Local de realiza\u00e7\u00e3o:<\/strong> UNILA Campus Jardim Universit\u00e1rio &#8211; Avenida Tarqu\u00ednio Joslin dos Santos, 1000, Loteamento Universit\u00e1rio das Am\u00e9ricas, Foz do Igua\u00e7u, Paran\u00e1 \u2013 Brasil.<\/p>\n<p><strong>Para mais informa\u00e7\u00f5es, acesse: <\/strong><a href=\"https:\/\/sig.unila.edu.br\/sigaa\/link\/public\/extensao\/visualizacaoAcaoExtensao\/91794378\" target=\"_blank\">https:\/\/sig.unila.edu.br\/sigaa\/link\/public\/extensao\/visualizacaoAcaoExtensao\/91794378<\/a><strong><br \/>\n<\/strong><\/p>\n","protected":false},"excerpt":{"rendered":"<p>Coordenadora Debora Cota Contato: debora.cota@unila.edu.br Local de realiza\u00e7\u00e3o: UNILA Campus Jardim Universit\u00e1rio &#8211; Avenida Tarqu\u00ednio Joslin dos Santos, 1000, Loteamento Universit\u00e1rio das Am\u00e9ricas, Foz do Igua\u00e7u, Paran\u00e1 \u2013 Brasil. Para mais informa\u00e7\u00f5es, acesse: https:\/\/sig.unila.edu.br\/sigaa\/link\/public\/extensao\/visualizacaoAcaoExtensao\/91794378<\/p>\n","protected":false},"author":24,"featured_media":0,"comment_status":"closed","ping_status":"open","sticky":false,"template":"","format":"standard","meta":{"footnotes":""},"categories":[42,50,44],"tags":[],"class_list":["post-3986","post","type-post","status-publish","format-standard","hentry","category-acao-de-extensao","category-cultura-e-artes","category-evento"],"_links":{"self":[{"href":"https:\/\/divulga.unila.edu.br\/umapas\/index.php?rest_route=\/wp\/v2\/posts\/3986","targetHints":{"allow":["GET"]}}],"collection":[{"href":"https:\/\/divulga.unila.edu.br\/umapas\/index.php?rest_route=\/wp\/v2\/posts"}],"about":[{"href":"https:\/\/divulga.unila.edu.br\/umapas\/index.php?rest_route=\/wp\/v2\/types\/post"}],"author":[{"embeddable":true,"href":"https:\/\/divulga.unila.edu.br\/umapas\/index.php?rest_route=\/wp\/v2\/users\/24"}],"replies":[{"embeddable":true,"href":"https:\/\/divulga.unila.edu.br\/umapas\/index.php?rest_route=%2Fwp%2Fv2%2Fcomments&post=3986"}],"version-history":[{"count":1,"href":"https:\/\/divulga.unila.edu.br\/umapas\/index.php?rest_route=\/wp\/v2\/posts\/3986\/revisions"}],"predecessor-version":[{"id":3987,"href":"https:\/\/divulga.unila.edu.br\/umapas\/index.php?rest_route=\/wp\/v2\/posts\/3986\/revisions\/3987"}],"wp:attachment":[{"href":"https:\/\/divulga.unila.edu.br\/umapas\/index.php?rest_route=%2Fwp%2Fv2%2Fmedia&parent=3986"}],"wp:term":[{"taxonomy":"category","embeddable":true,"href":"https:\/\/divulga.unila.edu.br\/umapas\/index.php?rest_route=%2Fwp%2Fv2%2Fcategories&post=3986"},{"taxonomy":"post_tag","embeddable":true,"href":"https:\/\/divulga.unila.edu.br\/umapas\/index.php?rest_route=%2Fwp%2Fv2%2Ftags&post=3986"}],"curies":[{"name":"wp","href":"https:\/\/api.w.org\/{rel}","templated":true}]}}