{"id":3965,"date":"2020-09-09T13:46:38","date_gmt":"2020-09-09T13:46:38","guid":{"rendered":"https:\/\/unila.edu.br\/umapas\/?p=3965"},"modified":"2021-05-27T12:06:12","modified_gmt":"2021-05-27T15:06:12","slug":"projeto-terceira-margem-tecnicas-contemplativas-de-purificacao-da-mente-e-promocao-do-autoconhecimento","status":"publish","type":"post","link":"https:\/\/divulga.unila.edu.br\/umapas\/?p=3965","title":{"rendered":"Projeto Terceira Margem &#8211; t\u00e9cnicas contemplativas de purifica\u00e7\u00e3o da mente e promo\u00e7\u00e3o do autoconhecimento"},"content":{"rendered":"<p style=\"text-align: justify;\"><strong>Coordenadora<\/strong> Dineia Ghizzo Neto Fellini<\/p>\n<p style=\"text-align: justify;\"><strong>Contato:<\/strong> dineia.fellini@unila.edu.br<\/p>\n<p><strong>Local de realiza\u00e7\u00e3o:<\/strong> Gramad\u00e3o da Vila A &#8211; Avenida Silvio Am\u00e9rico Sasdelli, Jardim Lancaster, Foz do Igua\u00e7u, Paran\u00e1 \u2013 Brasil. (1 de 2)<\/p>\n<p><strong>Para mais informa\u00e7\u00f5es, acesse: <\/strong><a href=\"https:\/\/sig.unila.edu.br\/sigaa\/link\/public\/extensao\/visualizacaoAcaoExtensao\/91794268\" target=\"_blank\">https:\/\/sig.unila.edu.br\/sigaa\/link\/public\/extensao\/visualizacaoAcaoExtensao\/91794268<\/a><strong><br \/>\n<\/strong><\/p>\n","protected":false},"excerpt":{"rendered":"<p>Coordenadora Dineia Ghizzo Neto Fellini Contato: dineia.fellini@unila.edu.br Local de realiza\u00e7\u00e3o: Gramad\u00e3o da Vila A &#8211; Avenida Silvio Am\u00e9rico Sasdelli, Jardim Lancaster, Foz do Igua\u00e7u, Paran\u00e1 \u2013 Brasil. (1 de 2) Para mais informa\u00e7\u00f5es, acesse: https:\/\/sig.unila.edu.br\/sigaa\/link\/public\/extensao\/visualizacaoAcaoExtensao\/91794268<\/p>\n","protected":false},"author":24,"featured_media":0,"comment_status":"closed","ping_status":"open","sticky":false,"template":"","format":"standard","meta":{"footnotes":""},"categories":[42,43,54],"tags":[],"class_list":["post-3965","post","type-post","status-publish","format-standard","hentry","category-acao-de-extensao","category-projeto","category-saude"],"_links":{"self":[{"href":"https:\/\/divulga.unila.edu.br\/umapas\/index.php?rest_route=\/wp\/v2\/posts\/3965","targetHints":{"allow":["GET"]}}],"collection":[{"href":"https:\/\/divulga.unila.edu.br\/umapas\/index.php?rest_route=\/wp\/v2\/posts"}],"about":[{"href":"https:\/\/divulga.unila.edu.br\/umapas\/index.php?rest_route=\/wp\/v2\/types\/post"}],"author":[{"embeddable":true,"href":"https:\/\/divulga.unila.edu.br\/umapas\/index.php?rest_route=\/wp\/v2\/users\/24"}],"replies":[{"embeddable":true,"href":"https:\/\/divulga.unila.edu.br\/umapas\/index.php?rest_route=%2Fwp%2Fv2%2Fcomments&post=3965"}],"version-history":[{"count":1,"href":"https:\/\/divulga.unila.edu.br\/umapas\/index.php?rest_route=\/wp\/v2\/posts\/3965\/revisions"}],"predecessor-version":[{"id":3968,"href":"https:\/\/divulga.unila.edu.br\/umapas\/index.php?rest_route=\/wp\/v2\/posts\/3965\/revisions\/3968"}],"wp:attachment":[{"href":"https:\/\/divulga.unila.edu.br\/umapas\/index.php?rest_route=%2Fwp%2Fv2%2Fmedia&parent=3965"}],"wp:term":[{"taxonomy":"category","embeddable":true,"href":"https:\/\/divulga.unila.edu.br\/umapas\/index.php?rest_route=%2Fwp%2Fv2%2Fcategories&post=3965"},{"taxonomy":"post_tag","embeddable":true,"href":"https:\/\/divulga.unila.edu.br\/umapas\/index.php?rest_route=%2Fwp%2Fv2%2Ftags&post=3965"}],"curies":[{"name":"wp","href":"https:\/\/api.w.org\/{rel}","templated":true}]}}