{"id":3835,"date":"2020-09-07T13:30:58","date_gmt":"2020-09-07T13:30:58","guid":{"rendered":"https:\/\/unila.edu.br\/umapas\/?p=3835"},"modified":"2020-09-07T13:30:58","modified_gmt":"2020-09-07T13:30:58","slug":"entendendo-os-fenomenos-da-natureza-elaboracao-de-materiais-paradidaticos-voltados-a-educacao-inclusiva-2","status":"publish","type":"post","link":"https:\/\/divulga.unila.edu.br\/umapas\/?p=3835","title":{"rendered":"Entendendo os fen\u00f4menos da natureza: elabora\u00e7\u00e3o de materiais paradid\u00e1ticos voltados a educa\u00e7\u00e3o inclusiva"},"content":{"rendered":"<p style=\"text-align: justify;\"><strong>Coordenadora<\/strong> Marcia Aparecida Procopio Da Silva Scheer<\/p>\n<p style=\"text-align: justify;\"><strong>Contato:<\/strong> marcia.scheer@unila.edu.br<\/p>\n<p><strong>Local de realiza\u00e7\u00e3o:<\/strong> Somare Espa\u00e7o Terap\u00eautico Educacional &#8211; Rua Santo Rafagnin, 600, Vila Portes, Foz do Igua\u00e7u, Paran\u00e1 \u2013 Brasil. (2 de 2)<\/p>\n<p><strong>Para mais informa\u00e7\u00f5es, acesse: <\/strong><a href=\"https:\/\/sig.unila.edu.br\/sigaa\/link\/public\/extensao\/visualizacaoAcaoExtensao\/91794240\" target=\"_blank\">https:\/\/sig.unila.edu.br\/sigaa\/link\/public\/extensao\/visualizacaoAcaoExtensao\/91794240<\/a><strong><br \/>\n<\/strong><\/p>\n","protected":false},"excerpt":{"rendered":"<p>Coordenadora Marcia Aparecida Procopio Da Silva Scheer Contato: marcia.scheer@unila.edu.br Local de realiza\u00e7\u00e3o: Somare Espa\u00e7o Terap\u00eautico Educacional &#8211; Rua Santo Rafagnin, 600, Vila Portes, Foz do Igua\u00e7u, Paran\u00e1 \u2013 Brasil. (2 de 2) Para mais informa\u00e7\u00f5es, acesse: https:\/\/sig.unila.edu.br\/sigaa\/link\/public\/extensao\/visualizacaoAcaoExtensao\/91794240<\/p>\n","protected":false},"author":24,"featured_media":0,"comment_status":"closed","ping_status":"open","sticky":false,"template":"","format":"standard","meta":{"footnotes":""},"categories":[42,53,43],"tags":[],"class_list":["post-3835","post","type-post","status-publish","format-standard","hentry","category-acao-de-extensao","category-meio-ambiente","category-projeto"],"_links":{"self":[{"href":"https:\/\/divulga.unila.edu.br\/umapas\/index.php?rest_route=\/wp\/v2\/posts\/3835","targetHints":{"allow":["GET"]}}],"collection":[{"href":"https:\/\/divulga.unila.edu.br\/umapas\/index.php?rest_route=\/wp\/v2\/posts"}],"about":[{"href":"https:\/\/divulga.unila.edu.br\/umapas\/index.php?rest_route=\/wp\/v2\/types\/post"}],"author":[{"embeddable":true,"href":"https:\/\/divulga.unila.edu.br\/umapas\/index.php?rest_route=\/wp\/v2\/users\/24"}],"replies":[{"embeddable":true,"href":"https:\/\/divulga.unila.edu.br\/umapas\/index.php?rest_route=%2Fwp%2Fv2%2Fcomments&post=3835"}],"version-history":[{"count":1,"href":"https:\/\/divulga.unila.edu.br\/umapas\/index.php?rest_route=\/wp\/v2\/posts\/3835\/revisions"}],"predecessor-version":[{"id":3837,"href":"https:\/\/divulga.unila.edu.br\/umapas\/index.php?rest_route=\/wp\/v2\/posts\/3835\/revisions\/3837"}],"wp:attachment":[{"href":"https:\/\/divulga.unila.edu.br\/umapas\/index.php?rest_route=%2Fwp%2Fv2%2Fmedia&parent=3835"}],"wp:term":[{"taxonomy":"category","embeddable":true,"href":"https:\/\/divulga.unila.edu.br\/umapas\/index.php?rest_route=%2Fwp%2Fv2%2Fcategories&post=3835"},{"taxonomy":"post_tag","embeddable":true,"href":"https:\/\/divulga.unila.edu.br\/umapas\/index.php?rest_route=%2Fwp%2Fv2%2Ftags&post=3835"}],"curies":[{"name":"wp","href":"https:\/\/api.w.org\/{rel}","templated":true}]}}