{"id":378,"date":"2016-09-05T18:55:15","date_gmt":"2016-09-05T18:55:15","guid":{"rendered":"http:\/\/10.80.6.168\/wordpress.mapeamento\/?p=378"},"modified":"2016-10-21T16:28:58","modified_gmt":"2016-10-21T16:28:58","slug":"ensinar-e-aprender-historia-teoria-e-pratica","status":"publish","type":"post","link":"https:\/\/divulga.unila.edu.br\/umapas\/?p=378","title":{"rendered":"Ensinar e Aprender Hist\u00f3ria: teoria e pr\u00e1tica"},"content":{"rendered":"<p><strong>Coordenador:<\/strong> Tiago Costa Sanches<\/p>\n<p><strong>Contato:<\/strong> tiago.sanches@unila.edu.br<\/p>\n<p><strong>Local de realiza\u00e7\u00e3o:<\/strong> N\u00facleo Regional de Educa\u00e7\u00e3o \u2013 Rua Quintino Bocai\u00fava, 429, Centro, Foz do Igua\u00e7u \u2013 PR. CEP: 85851-130<\/p>\n<p><strong>Para mais informa\u00e7\u00f5es, acesse:<\/strong> <a href=\"https:\/\/sig.unila.edu.br\/sigaa\/link\/public\/extensao\/visualizacaoAcaoExtensao\/91793773\" target=\"_blank\">https:\/\/sig.unila.edu.br\/sigaa\/link\/public\/extensao\/visualizacaoAcaoExtensao\/91793773<\/a><\/p>\n","protected":false},"excerpt":{"rendered":"<p>Coordenador: Tiago Costa Sanches Contato: tiago.sanches@unila.edu.br Local de realiza\u00e7\u00e3o: N\u00facleo Regional de Educa\u00e7\u00e3o \u2013 Rua Quintino Bocai\u00fava, 429, Centro, Foz do Igua\u00e7u \u2013 PR. CEP: 85851-130 Para mais informa\u00e7\u00f5es, acesse: https:\/\/sig.unila.edu.br\/sigaa\/link\/public\/extensao\/visualizacaoAcaoExtensao\/91793773<\/p>\n","protected":false},"author":2,"featured_media":0,"comment_status":"open","ping_status":"open","sticky":false,"template":"","format":"standard","meta":{"footnotes":""},"categories":[42,45,52],"tags":[],"class_list":["post-378","post","type-post","status-publish","format-standard","hentry","category-acao-de-extensao","category-curso","category-educacao-letras-e-linguas"],"_links":{"self":[{"href":"https:\/\/divulga.unila.edu.br\/umapas\/index.php?rest_route=\/wp\/v2\/posts\/378","targetHints":{"allow":["GET"]}}],"collection":[{"href":"https:\/\/divulga.unila.edu.br\/umapas\/index.php?rest_route=\/wp\/v2\/posts"}],"about":[{"href":"https:\/\/divulga.unila.edu.br\/umapas\/index.php?rest_route=\/wp\/v2\/types\/post"}],"author":[{"embeddable":true,"href":"https:\/\/divulga.unila.edu.br\/umapas\/index.php?rest_route=\/wp\/v2\/users\/2"}],"replies":[{"embeddable":true,"href":"https:\/\/divulga.unila.edu.br\/umapas\/index.php?rest_route=%2Fwp%2Fv2%2Fcomments&post=378"}],"version-history":[{"count":4,"href":"https:\/\/divulga.unila.edu.br\/umapas\/index.php?rest_route=\/wp\/v2\/posts\/378\/revisions"}],"predecessor-version":[{"id":414,"href":"https:\/\/divulga.unila.edu.br\/umapas\/index.php?rest_route=\/wp\/v2\/posts\/378\/revisions\/414"}],"wp:attachment":[{"href":"https:\/\/divulga.unila.edu.br\/umapas\/index.php?rest_route=%2Fwp%2Fv2%2Fmedia&parent=378"}],"wp:term":[{"taxonomy":"category","embeddable":true,"href":"https:\/\/divulga.unila.edu.br\/umapas\/index.php?rest_route=%2Fwp%2Fv2%2Fcategories&post=378"},{"taxonomy":"post_tag","embeddable":true,"href":"https:\/\/divulga.unila.edu.br\/umapas\/index.php?rest_route=%2Fwp%2Fv2%2Ftags&post=378"}],"curies":[{"name":"wp","href":"https:\/\/api.w.org\/{rel}","templated":true}]}}