{"id":3726,"date":"2020-09-03T10:24:49","date_gmt":"2020-09-03T10:24:49","guid":{"rendered":"https:\/\/unila.edu.br\/umapas\/?p=3726"},"modified":"2020-09-03T10:24:49","modified_gmt":"2020-09-03T10:24:49","slug":"a-pratica-na-construcao-do-conhecimento-cientifico","status":"publish","type":"post","link":"https:\/\/divulga.unila.edu.br\/umapas\/?p=3726","title":{"rendered":"A pr\u00e1tica na constru\u00e7\u00e3o do conhecimento cient\u00edfico"},"content":{"rendered":"<p style=\"text-align: justify;\"><strong>Coordenadora<\/strong> Marcia Regina Becker<\/p>\n<p style=\"text-align: justify;\"><strong>Contato:<\/strong> marcia.becker@unila.edu.br<\/p>\n<p><strong>Local de realiza\u00e7\u00e3o:<\/strong> Col\u00e9gio Estadual Bartolomeu Mitre &#8211; Avenida Jorge Schimmelpfeng, 351, Centro, Foz do Igua\u00e7u, Paran\u00e1 \u2013 Brasil. (1 de 4)<\/p>\n<p><strong>Para mais informa\u00e7\u00f5es, acesse: <\/strong><a href=\"https:\/\/sig.unila.edu.br\/sigaa\/link\/public\/extensao\/visualizacaoAcaoExtensao\/91794353\" target=\"_blank\">https:\/\/sig.unila.edu.br\/sigaa\/link\/public\/extensao\/visualizacaoAcaoExtensao\/91794353<\/a><strong><br \/>\n<\/strong><\/p>\n","protected":false},"excerpt":{"rendered":"<p>Coordenadora Marcia Regina Becker Contato: marcia.becker@unila.edu.br Local de realiza\u00e7\u00e3o: Col\u00e9gio Estadual Bartolomeu Mitre &#8211; Avenida Jorge Schimmelpfeng, 351, Centro, Foz do Igua\u00e7u, Paran\u00e1 \u2013 Brasil. (1 de 4) Para mais informa\u00e7\u00f5es, acesse: https:\/\/sig.unila.edu.br\/sigaa\/link\/public\/extensao\/visualizacaoAcaoExtensao\/91794353<\/p>\n","protected":false},"author":2,"featured_media":0,"comment_status":"closed","ping_status":"open","sticky":false,"template":"","format":"standard","meta":{"footnotes":""},"categories":[42,45,52],"tags":[],"class_list":["post-3726","post","type-post","status-publish","format-standard","hentry","category-acao-de-extensao","category-curso","category-educacao-letras-e-linguas"],"_links":{"self":[{"href":"https:\/\/divulga.unila.edu.br\/umapas\/index.php?rest_route=\/wp\/v2\/posts\/3726","targetHints":{"allow":["GET"]}}],"collection":[{"href":"https:\/\/divulga.unila.edu.br\/umapas\/index.php?rest_route=\/wp\/v2\/posts"}],"about":[{"href":"https:\/\/divulga.unila.edu.br\/umapas\/index.php?rest_route=\/wp\/v2\/types\/post"}],"author":[{"embeddable":true,"href":"https:\/\/divulga.unila.edu.br\/umapas\/index.php?rest_route=\/wp\/v2\/users\/2"}],"replies":[{"embeddable":true,"href":"https:\/\/divulga.unila.edu.br\/umapas\/index.php?rest_route=%2Fwp%2Fv2%2Fcomments&post=3726"}],"version-history":[{"count":1,"href":"https:\/\/divulga.unila.edu.br\/umapas\/index.php?rest_route=\/wp\/v2\/posts\/3726\/revisions"}],"predecessor-version":[{"id":3727,"href":"https:\/\/divulga.unila.edu.br\/umapas\/index.php?rest_route=\/wp\/v2\/posts\/3726\/revisions\/3727"}],"wp:attachment":[{"href":"https:\/\/divulga.unila.edu.br\/umapas\/index.php?rest_route=%2Fwp%2Fv2%2Fmedia&parent=3726"}],"wp:term":[{"taxonomy":"category","embeddable":true,"href":"https:\/\/divulga.unila.edu.br\/umapas\/index.php?rest_route=%2Fwp%2Fv2%2Fcategories&post=3726"},{"taxonomy":"post_tag","embeddable":true,"href":"https:\/\/divulga.unila.edu.br\/umapas\/index.php?rest_route=%2Fwp%2Fv2%2Ftags&post=3726"}],"curies":[{"name":"wp","href":"https:\/\/api.w.org\/{rel}","templated":true}]}}