{"id":370,"date":"2016-09-02T21:33:51","date_gmt":"2016-09-02T21:33:51","guid":{"rendered":"http:\/\/10.80.6.168\/wordpress.mapeamento\/?p=370"},"modified":"2016-10-21T19:49:52","modified_gmt":"2016-10-21T19:49:52","slug":"grupo-de-estudos-neefipo","status":"publish","type":"post","link":"https:\/\/divulga.unila.edu.br\/umapas\/?p=370","title":{"rendered":"Grupo de Estudos Ne\u00e9fipo"},"content":{"rendered":"<p><strong>Coordenadora:<\/strong> Idete Teles dos Santos<\/p>\n<p><strong>Contato:<\/strong> ideteteles@yahoo.com.br<\/p>\n<p><strong>Local de realiza\u00e7\u00e3o:<\/strong> UNILA Campus Jardim Universit\u00e1rio \u2013 Avenida Tarqu\u00ednio Joslin dos Santos, 1000, Loteamento Universit\u00e1rio das Am\u00e9ricas, Foz do Igua\u00e7u \u2013 PR. CEP: 85870-901<\/p>\n<p><strong>Para mais informa\u00e7\u00f5es, acesse: <\/strong><a href=\"https:\/\/sig.unila.edu.br\/sigaa\/link\/public\/extensao\/visualizacaoAcaoExtensao\/91793841\" target=\"_blank\">https:\/\/sig.unila.edu.br\/sigaa\/link\/public\/extensao\/visualizacaoAcaoExtensao\/91793841<\/a><\/p>\n","protected":false},"excerpt":{"rendered":"<p>Coordenadora: Idete Teles dos Santos Contato: ideteteles@yahoo.com.br Local de realiza\u00e7\u00e3o: UNILA Campus Jardim Universit\u00e1rio \u2013 Avenida Tarqu\u00ednio Joslin dos Santos, 1000, Loteamento Universit\u00e1rio das Am\u00e9ricas, Foz do Igua\u00e7u \u2013 PR. CEP: 85870-901 Para mais informa\u00e7\u00f5es, acesse: https:\/\/sig.unila.edu.br\/sigaa\/link\/public\/extensao\/visualizacaoAcaoExtensao\/91793841<\/p>\n","protected":false},"author":2,"featured_media":0,"comment_status":"open","ping_status":"open","sticky":false,"template":"","format":"standard","meta":{"footnotes":""},"categories":[42,45,51],"tags":[],"class_list":["post-370","post","type-post","status-publish","format-standard","hentry","category-acao-de-extensao","category-curso","category-direitos-humanos-e-justica"],"_links":{"self":[{"href":"https:\/\/divulga.unila.edu.br\/umapas\/index.php?rest_route=\/wp\/v2\/posts\/370","targetHints":{"allow":["GET"]}}],"collection":[{"href":"https:\/\/divulga.unila.edu.br\/umapas\/index.php?rest_route=\/wp\/v2\/posts"}],"about":[{"href":"https:\/\/divulga.unila.edu.br\/umapas\/index.php?rest_route=\/wp\/v2\/types\/post"}],"author":[{"embeddable":true,"href":"https:\/\/divulga.unila.edu.br\/umapas\/index.php?rest_route=\/wp\/v2\/users\/2"}],"replies":[{"embeddable":true,"href":"https:\/\/divulga.unila.edu.br\/umapas\/index.php?rest_route=%2Fwp%2Fv2%2Fcomments&post=370"}],"version-history":[{"count":3,"href":"https:\/\/divulga.unila.edu.br\/umapas\/index.php?rest_route=\/wp\/v2\/posts\/370\/revisions"}],"predecessor-version":[{"id":425,"href":"https:\/\/divulga.unila.edu.br\/umapas\/index.php?rest_route=\/wp\/v2\/posts\/370\/revisions\/425"}],"wp:attachment":[{"href":"https:\/\/divulga.unila.edu.br\/umapas\/index.php?rest_route=%2Fwp%2Fv2%2Fmedia&parent=370"}],"wp:term":[{"taxonomy":"category","embeddable":true,"href":"https:\/\/divulga.unila.edu.br\/umapas\/index.php?rest_route=%2Fwp%2Fv2%2Fcategories&post=370"},{"taxonomy":"post_tag","embeddable":true,"href":"https:\/\/divulga.unila.edu.br\/umapas\/index.php?rest_route=%2Fwp%2Fv2%2Ftags&post=370"}],"curies":[{"name":"wp","href":"https:\/\/api.w.org\/{rel}","templated":true}]}}