{"id":360,"date":"2016-09-02T20:47:56","date_gmt":"2016-09-02T20:47:56","guid":{"rendered":"http:\/\/10.80.6.168\/wordpress.mapeamento\/?p=360"},"modified":"2016-10-21T16:30:33","modified_gmt":"2016-10-21T16:30:33","slug":"escola-livre-de-teoria-musical-nivel-intermediario","status":"publish","type":"post","link":"https:\/\/divulga.unila.edu.br\/umapas\/?p=360","title":{"rendered":"Escola Livre de Teoria Musical \u2013 N\u00edvel Intermedi\u00e1rio"},"content":{"rendered":"<p><strong>Coordenador:<\/strong> Gabriel Ferr\u00e3o Moreira<\/p>\n<p><strong>Contato:<\/strong> gabriel.moreira@unila.edu.br<\/p>\n<p><strong>Local de realiza\u00e7\u00e3o:<\/strong> UNILA Campus Jardim Universit\u00e1rio \u2013 Avenida Tarqu\u00ednio Joslin dos Santos, 1000, sala 318, Loteamento Universit\u00e1rio das Am\u00e9ricas, Foz do Igua\u00e7u \u2013 PR. CEP: 85870-901<\/p>\n<p><strong>Para mais informa\u00e7\u00f5es, acesse:<\/strong> <a href=\"https:\/\/sig.unila.edu.br\/sigaa\/link\/public\/extensao\/visualizacaoAcaoExtensao\/91793874\" target=\"_blank\">https:\/\/sig.unila.edu.br\/sigaa\/link\/public\/extensao\/visualizacaoAcaoExtensao\/91793874<\/a><\/p>\n","protected":false},"excerpt":{"rendered":"<p>Coordenador: Gabriel Ferr\u00e3o Moreira Contato: gabriel.moreira@unila.edu.br Local de realiza\u00e7\u00e3o: UNILA Campus Jardim Universit\u00e1rio \u2013 Avenida Tarqu\u00ednio Joslin dos Santos, 1000, sala 318, Loteamento Universit\u00e1rio das Am\u00e9ricas, Foz do Igua\u00e7u \u2013 PR. CEP: 85870-901 Para mais informa\u00e7\u00f5es, acesse: https:\/\/sig.unila.edu.br\/sigaa\/link\/public\/extensao\/visualizacaoAcaoExtensao\/91793874<\/p>\n","protected":false},"author":2,"featured_media":0,"comment_status":"open","ping_status":"open","sticky":false,"template":"","format":"standard","meta":{"footnotes":""},"categories":[42,50,45],"tags":[],"class_list":["post-360","post","type-post","status-publish","format-standard","hentry","category-acao-de-extensao","category-cultura-e-artes","category-curso"],"_links":{"self":[{"href":"https:\/\/divulga.unila.edu.br\/umapas\/index.php?rest_route=\/wp\/v2\/posts\/360","targetHints":{"allow":["GET"]}}],"collection":[{"href":"https:\/\/divulga.unila.edu.br\/umapas\/index.php?rest_route=\/wp\/v2\/posts"}],"about":[{"href":"https:\/\/divulga.unila.edu.br\/umapas\/index.php?rest_route=\/wp\/v2\/types\/post"}],"author":[{"embeddable":true,"href":"https:\/\/divulga.unila.edu.br\/umapas\/index.php?rest_route=\/wp\/v2\/users\/2"}],"replies":[{"embeddable":true,"href":"https:\/\/divulga.unila.edu.br\/umapas\/index.php?rest_route=%2Fwp%2Fv2%2Fcomments&post=360"}],"version-history":[{"count":2,"href":"https:\/\/divulga.unila.edu.br\/umapas\/index.php?rest_route=\/wp\/v2\/posts\/360\/revisions"}],"predecessor-version":[{"id":407,"href":"https:\/\/divulga.unila.edu.br\/umapas\/index.php?rest_route=\/wp\/v2\/posts\/360\/revisions\/407"}],"wp:attachment":[{"href":"https:\/\/divulga.unila.edu.br\/umapas\/index.php?rest_route=%2Fwp%2Fv2%2Fmedia&parent=360"}],"wp:term":[{"taxonomy":"category","embeddable":true,"href":"https:\/\/divulga.unila.edu.br\/umapas\/index.php?rest_route=%2Fwp%2Fv2%2Fcategories&post=360"},{"taxonomy":"post_tag","embeddable":true,"href":"https:\/\/divulga.unila.edu.br\/umapas\/index.php?rest_route=%2Fwp%2Fv2%2Ftags&post=360"}],"curies":[{"name":"wp","href":"https:\/\/api.w.org\/{rel}","templated":true}]}}