{"id":3433,"date":"2020-08-27T18:20:48","date_gmt":"2020-08-27T18:20:48","guid":{"rendered":"https:\/\/unila.edu.br\/umapas\/?p=3433"},"modified":"2020-08-31T10:57:25","modified_gmt":"2020-08-31T10:57:25","slug":"unila-ao-seu-alcance-15","status":"publish","type":"post","link":"https:\/\/divulga.unila.edu.br\/umapas\/?p=3433","title":{"rendered":"Col\u00e9gio Estadual Monsenhor Guilherme"},"content":{"rendered":"<p style=\"text-align: justify;\"><strong>Projeto de Extens\u00e3o Unila ao seu alcance<\/strong><\/p>\n<p><strong>Coordenadora:<\/strong> <span data-sheets-value=\"{&quot;1&quot;:2,&quot;2&quot;:&quot;Marcia Lurdes De Souza Maschio&quot;}\" data-sheets-userformat=\"{&quot;2&quot;:12480,&quot;9&quot;:1,&quot;10&quot;:1,&quot;15&quot;:&quot;Times New Roman&quot;,&quot;16&quot;:11}\">Marcia Lurdes de Souza Maschio<\/span><\/p>\n<p><strong>Contato:<\/strong> <span data-sheets-value=\"{&quot;1&quot;:2,&quot;2&quot;:&quot;marcialmaschio@gmail.com&quot;}\" data-sheets-userformat=\"{&quot;2&quot;:12480,&quot;9&quot;:1,&quot;10&quot;:1,&quot;15&quot;:&quot;Times New Roman&quot;,&quot;16&quot;:11}\">marcia.maschio@unila.edu.br<\/span><\/p>\n<p><strong>Local de realiza\u00e7\u00e3o: <\/strong><span data-sheets-value=\"{&quot;1&quot;:2,&quot;2&quot;:&quot;Col\u00e9gio Estadual Monsenhor Guilherme - Rua Naipi, 261, Centro, Foz do Igua\u00e7u, Paran\u00e1 - Brasil.&quot;}\" data-sheets-userformat=\"{&quot;2&quot;:12736,&quot;9&quot;:1,&quot;10&quot;:1,&quot;11&quot;:4,&quot;15&quot;:&quot;Times New Roman&quot;,&quot;16&quot;:12}\">Col\u00e9gio Estadual Monsenhor Guilherme &#8211; Rua Naipi, 261, Centro, Foz do Igua\u00e7u, Paran\u00e1 &#8211; Brasil.<\/span> (15 de 45)<\/p>\n<p><strong>Para mais informa\u00e7\u00f5es, acesse:<\/strong> <a href=\"https:\/\/sig.unila.edu.br\/sigaa\/link\/public\/extensao\/visualizacaoAcaoExtensao\/91794540\" target=\"_blank\">https:\/\/sig.unila.edu.br\/sigaa\/link\/public\/extensao\/visualizacaoAcaoExtensao\/91794540<\/a><\/p>\n","protected":false},"excerpt":{"rendered":"<p>Projeto de Extens\u00e3o Unila ao seu alcance Coordenadora: Marcia Lurdes de Souza Maschio Contato: marcia.maschio@unila.edu.br Local de realiza\u00e7\u00e3o: Col\u00e9gio Estadual Monsenhor Guilherme &#8211; Rua Naipi, 261, Centro, Foz do Igua\u00e7u, Paran\u00e1 &#8211; Brasil. (15 de 45) Para mais informa\u00e7\u00f5es, acesse: https:\/\/sig.unila.edu.br\/sigaa\/link\/public\/extensao\/visualizacaoAcaoExtensao\/91794540<\/p>\n","protected":false},"author":2,"featured_media":0,"comment_status":"closed","ping_status":"open","sticky":false,"template":"","format":"standard","meta":{"footnotes":""},"categories":[42,52,43],"tags":[],"class_list":["post-3433","post","type-post","status-publish","format-standard","hentry","category-acao-de-extensao","category-educacao-letras-e-linguas","category-projeto"],"_links":{"self":[{"href":"https:\/\/divulga.unila.edu.br\/umapas\/index.php?rest_route=\/wp\/v2\/posts\/3433","targetHints":{"allow":["GET"]}}],"collection":[{"href":"https:\/\/divulga.unila.edu.br\/umapas\/index.php?rest_route=\/wp\/v2\/posts"}],"about":[{"href":"https:\/\/divulga.unila.edu.br\/umapas\/index.php?rest_route=\/wp\/v2\/types\/post"}],"author":[{"embeddable":true,"href":"https:\/\/divulga.unila.edu.br\/umapas\/index.php?rest_route=\/wp\/v2\/users\/2"}],"replies":[{"embeddable":true,"href":"https:\/\/divulga.unila.edu.br\/umapas\/index.php?rest_route=%2Fwp%2Fv2%2Fcomments&post=3433"}],"version-history":[{"count":3,"href":"https:\/\/divulga.unila.edu.br\/umapas\/index.php?rest_route=\/wp\/v2\/posts\/3433\/revisions"}],"predecessor-version":[{"id":3653,"href":"https:\/\/divulga.unila.edu.br\/umapas\/index.php?rest_route=\/wp\/v2\/posts\/3433\/revisions\/3653"}],"wp:attachment":[{"href":"https:\/\/divulga.unila.edu.br\/umapas\/index.php?rest_route=%2Fwp%2Fv2%2Fmedia&parent=3433"}],"wp:term":[{"taxonomy":"category","embeddable":true,"href":"https:\/\/divulga.unila.edu.br\/umapas\/index.php?rest_route=%2Fwp%2Fv2%2Fcategories&post=3433"},{"taxonomy":"post_tag","embeddable":true,"href":"https:\/\/divulga.unila.edu.br\/umapas\/index.php?rest_route=%2Fwp%2Fv2%2Ftags&post=3433"}],"curies":[{"name":"wp","href":"https:\/\/api.w.org\/{rel}","templated":true}]}}