{"id":3358,"date":"2020-08-27T17:19:13","date_gmt":"2020-08-27T17:19:13","guid":{"rendered":"https:\/\/unila.edu.br\/umapas\/?p=3358"},"modified":"2020-08-29T00:39:49","modified_gmt":"2020-08-29T00:39:49","slug":"unila-ao-seu-alcance","status":"publish","type":"post","link":"https:\/\/divulga.unila.edu.br\/umapas\/?p=3358","title":{"rendered":"UNILA Campus Jardim Universit\u00e1rio"},"content":{"rendered":"<p style=\"text-align: justify;\"><strong>Projeto de Extens\u00e3o Unila ao seu alcance<\/strong><\/p>\n<p><strong>Coordenadora:<\/strong> <span data-sheets-value=\"{&quot;1&quot;:2,&quot;2&quot;:&quot;Marcia Lurdes De Souza Maschio&quot;}\" data-sheets-userformat=\"{&quot;2&quot;:12480,&quot;9&quot;:1,&quot;10&quot;:1,&quot;15&quot;:&quot;Times New Roman&quot;,&quot;16&quot;:11}\">Marcia Lurdes de Souza Maschio<\/span><\/p>\n<p><strong>Contato:<\/strong> <span data-sheets-value=\"{&quot;1&quot;:2,&quot;2&quot;:&quot;marcialmaschio@gmail.com&quot;}\" data-sheets-userformat=\"{&quot;2&quot;:12480,&quot;9&quot;:1,&quot;10&quot;:1,&quot;15&quot;:&quot;Times New Roman&quot;,&quot;16&quot;:11}\">marcia.maschio@unila.edu.br<\/span><\/p>\n<p><strong>Local de realiza\u00e7\u00e3o: <\/strong><span data-sheets-value=\"{&quot;1&quot;:2,&quot;2&quot;:&quot;UNILA Campus Jardim Universit\u00e1rio - Avenida Tarqu\u00ednio Joslin dos Santos, 1000 - Loteamento Universit\u00e1rio das Am\u00e9ricas, Foz do Igua\u00e7u, Paran\u00e1 \u2013 Brasil.&quot;}\" data-sheets-userformat=\"{&quot;2&quot;:12736,&quot;9&quot;:1,&quot;10&quot;:1,&quot;11&quot;:4,&quot;15&quot;:&quot;Times New Roman&quot;,&quot;16&quot;:12}\">UNILA Campus Jardim Universit\u00e1rio &#8211; Avenida Tarqu\u00ednio Joslin dos Santos, 1000 &#8211; Loteamento Universit\u00e1rio das Am\u00e9ricas, Foz do Igua\u00e7u, Paran\u00e1 \u2013 Brasil.<\/span> (45 de 45)<\/p>\n<p><strong>Para mais informa\u00e7\u00f5es, acesse:<\/strong> <a href=\"https:\/\/sig.unila.edu.br\/sigaa\/link\/public\/extensao\/visualizacaoAcaoExtensao\/91794540\" target=\"_blank\">https:\/\/sig.unila.edu.br\/sigaa\/link\/public\/extensao\/visualizacaoAcaoExtensao\/91794540<\/a><\/p>\n","protected":false},"excerpt":{"rendered":"<p>Projeto de Extens\u00e3o Unila ao seu alcance Coordenadora: Marcia Lurdes de Souza Maschio Contato: marcia.maschio@unila.edu.br Local de realiza\u00e7\u00e3o: UNILA Campus Jardim Universit\u00e1rio &#8211; Avenida Tarqu\u00ednio Joslin dos Santos, 1000 &#8211; Loteamento Universit\u00e1rio das Am\u00e9ricas, Foz do Igua\u00e7u, Paran\u00e1 \u2013 Brasil. (45 de 45) Para mais informa\u00e7\u00f5es, acesse: https:\/\/sig.unila.edu.br\/sigaa\/link\/public\/extensao\/visualizacaoAcaoExtensao\/91794540<\/p>\n","protected":false},"author":2,"featured_media":0,"comment_status":"closed","ping_status":"open","sticky":false,"template":"","format":"standard","meta":{"footnotes":""},"categories":[42,52,43],"tags":[],"class_list":["post-3358","post","type-post","status-publish","format-standard","hentry","category-acao-de-extensao","category-educacao-letras-e-linguas","category-projeto"],"_links":{"self":[{"href":"https:\/\/divulga.unila.edu.br\/umapas\/index.php?rest_route=\/wp\/v2\/posts\/3358","targetHints":{"allow":["GET"]}}],"collection":[{"href":"https:\/\/divulga.unila.edu.br\/umapas\/index.php?rest_route=\/wp\/v2\/posts"}],"about":[{"href":"https:\/\/divulga.unila.edu.br\/umapas\/index.php?rest_route=\/wp\/v2\/types\/post"}],"author":[{"embeddable":true,"href":"https:\/\/divulga.unila.edu.br\/umapas\/index.php?rest_route=\/wp\/v2\/users\/2"}],"replies":[{"embeddable":true,"href":"https:\/\/divulga.unila.edu.br\/umapas\/index.php?rest_route=%2Fwp%2Fv2%2Fcomments&post=3358"}],"version-history":[{"count":6,"href":"https:\/\/divulga.unila.edu.br\/umapas\/index.php?rest_route=\/wp\/v2\/posts\/3358\/revisions"}],"predecessor-version":[{"id":3625,"href":"https:\/\/divulga.unila.edu.br\/umapas\/index.php?rest_route=\/wp\/v2\/posts\/3358\/revisions\/3625"}],"wp:attachment":[{"href":"https:\/\/divulga.unila.edu.br\/umapas\/index.php?rest_route=%2Fwp%2Fv2%2Fmedia&parent=3358"}],"wp:term":[{"taxonomy":"category","embeddable":true,"href":"https:\/\/divulga.unila.edu.br\/umapas\/index.php?rest_route=%2Fwp%2Fv2%2Fcategories&post=3358"},{"taxonomy":"post_tag","embeddable":true,"href":"https:\/\/divulga.unila.edu.br\/umapas\/index.php?rest_route=%2Fwp%2Fv2%2Ftags&post=3358"}],"curies":[{"name":"wp","href":"https:\/\/api.w.org\/{rel}","templated":true}]}}