{"id":3289,"date":"2019-12-27T13:39:02","date_gmt":"2019-12-27T13:39:02","guid":{"rendered":"https:\/\/unila.edu.br\/umapas\/?p=3289"},"modified":"2019-12-27T13:39:02","modified_gmt":"2019-12-27T13:39:02","slug":"projeto-sol-nascente","status":"publish","type":"post","link":"https:\/\/divulga.unila.edu.br\/umapas\/?p=3289","title":{"rendered":"Projeto Sol Nascente"},"content":{"rendered":"<p style=\"text-align: justify;\"><span data-sheets-value=\"{&quot;1&quot;:2,&quot;2&quot;:&quot;A UNICAN \u00e9 uma organiza\u00e7\u00e3o da sociedade civil que realiza atividades em prol dos pacientes em tratamento de c\u00e2ncer. Oferece servi\u00e7os de apoio e aten\u00e7\u00e3o para aqueles que est\u00e3o enfrentando a doen\u00e7a e encontram dificuldade para manter o tratamento. Oferecemos um espa\u00e7o amplo e confort\u00e1vel para quem est\u00e1 em tr\u00e2nsito domiciliar e precisa aguardar o transporte, nestes casos os pacientes recebem alimenta\u00e7\u00e3o durante o dia e se necess\u00e1rio pernoite ( para aqueles que vem de longe e encontram-se debilitados). Oferecemos tamb\u00e9m apoio psicol\u00f3gico e nutricional alem de acompanhamento psicossocial para as fam\u00edlias de Foz do Igua\u00e7u e Cascavel que encontram-se em situa\u00e7\u00e3o de vulnerabilidade social e precisam de apoio material como suplementos alimentares, fraldas (para os acamados) e cestas b\u00e1sicas, isso com intuito de amenizar os danos e o sofrimento causados pela doen\u00e7a, como forma de garantir que o tratamento tenha o resultado esperado. Todos os servi\u00e7os e benef\u00edcios ofertados pela UNICAN, s\u00e3o especificamente para pacientes em tratamento oncol\u00f3gico e gratuitos.&quot;}\" data-sheets-userformat=\"{&quot;2&quot;:13249,&quot;3&quot;:[null,2,&quot;000&quot;,1],&quot;9&quot;:1,&quot;10&quot;:1,&quot;11&quot;:4,&quot;12&quot;:0,&quot;15&quot;:&quot;Comic Sans MS&quot;,&quot;16&quot;:12}\"><span data-sheets-value=\"{&quot;1&quot;:2,&quot;2&quot;:&quot;A associa\u00e7\u00e3o realiza um projeto de artes marciais voltado para crian\u00e7as e adolescentes, com aulas de Jiu-Jitsu e Taekwondo.&quot;}\" data-sheets-userformat=\"{&quot;2&quot;:13249,&quot;3&quot;:[null,2,&quot;000&quot;,1],&quot;9&quot;:1,&quot;10&quot;:1,&quot;11&quot;:4,&quot;12&quot;:0,&quot;15&quot;:&quot;Comic Sans MS&quot;,&quot;16&quot;:12}\">A associa\u00e7\u00e3o realiza um projeto de artes marciais voltado para crian\u00e7as e adolescentes, com aulas de Jiu-Jitsu e Taekwondo.<\/span><br \/>\n<\/span><\/p>\n<p style=\"text-align: justify;\"><strong>P\u00fablico-alvo:\u00a0<\/strong><span data-sheets-value=\"{&quot;1&quot;:2,&quot;2&quot;:&quot;Crian\u00e7as e adolescentes&quot;}\" data-sheets-userformat=\"{&quot;2&quot;:13249,&quot;3&quot;:[null,2,&quot;000&quot;,1],&quot;9&quot;:1,&quot;10&quot;:1,&quot;11&quot;:4,&quot;12&quot;:0,&quot;15&quot;:&quot;Comic Sans MS&quot;,&quot;16&quot;:12}\">Crian\u00e7as e adolescentes de 10 a 17 anos<\/span>.<\/p>\n<p style=\"text-align: left;\"><strong>Endere\u00e7o: <\/strong><span data-sheets-value=\"{&quot;1&quot;:2,&quot;2&quot;:&quot;Rua Airton Moreira&quot;}\" data-sheets-userformat=\"{&quot;2&quot;:13249,&quot;3&quot;:[null,2,&quot;000&quot;,1],&quot;9&quot;:1,&quot;10&quot;:1,&quot;11&quot;:4,&quot;12&quot;:0,&quot;15&quot;:&quot;Comic Sans MS&quot;,&quot;16&quot;:12}\">Rua Airton Moreira<\/span>, 1663, Parque Residencial Morumbi IV, Foz do Igua\u00e7u, Paran\u00e1, Brasil. CEP: <span data-sheets-value=\"{&quot;1&quot;:2,&quot;2&quot;:&quot;85861-330&quot;}\" data-sheets-userformat=\"{&quot;2&quot;:13249,&quot;3&quot;:[null,2,&quot;000&quot;,1],&quot;9&quot;:1,&quot;10&quot;:1,&quot;11&quot;:4,&quot;12&quot;:0,&quot;15&quot;:&quot;Comic Sans MS&quot;,&quot;16&quot;:12}\">85859-120<\/span>.<\/p>\n<p style=\"text-align: left;\"><strong>Contato:\u00a0<\/strong><span data-sheets-value=\"{&quot;1&quot;:2,&quot;2&quot;:&quot;(45) 984276855&quot;}\" data-sheets-userformat=\"{&quot;2&quot;:13249,&quot;3&quot;:[null,2,&quot;000&quot;,1],&quot;9&quot;:1,&quot;10&quot;:1,&quot;11&quot;:4,&quot;12&quot;:0,&quot;15&quot;:&quot;Comic Sans MS&quot;,&quot;16&quot;:12}\">(45) 984276855<\/span><\/p>\n<p style=\"text-align: left;\"><strong>Demandas:<\/strong>\u00a0<span data-sheets-value=\"{&quot;1&quot;:2,&quot;2&quot;:&quot;Atividades nas \u00e1reas de educa\u00e7\u00e3o, arte, cultura, esporte, cidadania e direitos humanos.&quot;}\" data-sheets-userformat=\"{&quot;2&quot;:13249,&quot;3&quot;:[null,2,&quot;000&quot;,1],&quot;9&quot;:1,&quot;10&quot;:1,&quot;11&quot;:4,&quot;12&quot;:0,&quot;15&quot;:&quot;Comic Sans MS&quot;,&quot;16&quot;:12}\">Atividades na \u00e1rea de esporte.<\/span><\/p>\n","protected":false},"excerpt":{"rendered":"<p>A associa\u00e7\u00e3o realiza um projeto de artes marciais voltado para crian\u00e7as e adolescentes, com aulas de Jiu-Jitsu e Taekwondo. P\u00fablico-alvo:\u00a0Crian\u00e7as e adolescentes de 10 a 17 anos. Endere\u00e7o: Rua Airton Moreira, 1663, Parque Residencial Morumbi IV, Foz do Igua\u00e7u, Paran\u00e1, Brasil. CEP: 85859-120. Contato:\u00a0(45) 984276855 Demandas:\u00a0Atividades na \u00e1rea de esporte.<\/p>\n","protected":false},"author":2,"featured_media":0,"comment_status":"closed","ping_status":"open","sticky":false,"template":"","format":"standard","meta":{"footnotes":""},"categories":[32,41,30],"tags":[36,17,5,26,194],"class_list":["post-3289","post","type-post","status-publish","format-standard","hentry","category-associacao-privada","category-atores-sociais","category-instituicao-privada","tag-adolescente","tag-crianca","tag-direitos-humanos","tag-foz-do-iguacu","tag-projeto-sol-nascente"],"_links":{"self":[{"href":"https:\/\/divulga.unila.edu.br\/umapas\/index.php?rest_route=\/wp\/v2\/posts\/3289","targetHints":{"allow":["GET"]}}],"collection":[{"href":"https:\/\/divulga.unila.edu.br\/umapas\/index.php?rest_route=\/wp\/v2\/posts"}],"about":[{"href":"https:\/\/divulga.unila.edu.br\/umapas\/index.php?rest_route=\/wp\/v2\/types\/post"}],"author":[{"embeddable":true,"href":"https:\/\/divulga.unila.edu.br\/umapas\/index.php?rest_route=\/wp\/v2\/users\/2"}],"replies":[{"embeddable":true,"href":"https:\/\/divulga.unila.edu.br\/umapas\/index.php?rest_route=%2Fwp%2Fv2%2Fcomments&post=3289"}],"version-history":[{"count":1,"href":"https:\/\/divulga.unila.edu.br\/umapas\/index.php?rest_route=\/wp\/v2\/posts\/3289\/revisions"}],"predecessor-version":[{"id":3290,"href":"https:\/\/divulga.unila.edu.br\/umapas\/index.php?rest_route=\/wp\/v2\/posts\/3289\/revisions\/3290"}],"wp:attachment":[{"href":"https:\/\/divulga.unila.edu.br\/umapas\/index.php?rest_route=%2Fwp%2Fv2%2Fmedia&parent=3289"}],"wp:term":[{"taxonomy":"category","embeddable":true,"href":"https:\/\/divulga.unila.edu.br\/umapas\/index.php?rest_route=%2Fwp%2Fv2%2Fcategories&post=3289"},{"taxonomy":"post_tag","embeddable":true,"href":"https:\/\/divulga.unila.edu.br\/umapas\/index.php?rest_route=%2Fwp%2Fv2%2Ftags&post=3289"}],"curies":[{"name":"wp","href":"https:\/\/api.w.org\/{rel}","templated":true}]}}