{"id":2924,"date":"2019-09-23T17:15:21","date_gmt":"2019-09-23T17:15:21","guid":{"rendered":"https:\/\/unila.edu.br\/umapas\/?p=2924"},"modified":"2019-10-02T14:31:03","modified_gmt":"2019-10-02T14:31:03","slug":"advogados-pela-infancia","status":"publish","type":"post","link":"https:\/\/divulga.unila.edu.br\/umapas\/?p=2924","title":{"rendered":"Advogados pela Inf\u00e2ncia"},"content":{"rendered":"<p style=\"text-align: justify;\"><span data-sheets-value=\"{&quot;1&quot;:2,&quot;2&quot;:&quot;A UNICAN \u00e9 uma organiza\u00e7\u00e3o da sociedade civil que realiza atividades em prol dos pacientes em tratamento de c\u00e2ncer. Oferece servi\u00e7os de apoio e aten\u00e7\u00e3o para aqueles que est\u00e3o enfrentando a doen\u00e7a e encontram dificuldade para manter o tratamento. Oferecemos um espa\u00e7o amplo e confort\u00e1vel para quem est\u00e1 em tr\u00e2nsito domiciliar e precisa aguardar o transporte, nestes casos os pacientes recebem alimenta\u00e7\u00e3o durante o dia e se necess\u00e1rio pernoite ( para aqueles que vem de longe e encontram-se debilitados). Oferecemos tamb\u00e9m apoio psicol\u00f3gico e nutricional alem de acompanhamento psicossocial para as fam\u00edlias de Foz do Igua\u00e7u e Cascavel que encontram-se em situa\u00e7\u00e3o de vulnerabilidade social e precisam de apoio material como suplementos alimentares, fraldas (para os acamados) e cestas b\u00e1sicas, isso com intuito de amenizar os danos e o sofrimento causados pela doen\u00e7a, como forma de garantir que o tratamento tenha o resultado esperado. Todos os servi\u00e7os e benef\u00edcios ofertados pela UNICAN, s\u00e3o especificamente para pacientes em tratamento oncol\u00f3gico e gratuitos.&quot;}\" data-sheets-userformat=\"{&quot;2&quot;:13249,&quot;3&quot;:[null,2,&quot;000&quot;,1],&quot;9&quot;:1,&quot;10&quot;:1,&quot;11&quot;:4,&quot;12&quot;:0,&quot;15&quot;:&quot;Comic Sans MS&quot;,&quot;16&quot;:12}\"><span data-sheets-value=\"{&quot;1&quot;:2,&quot;2&quot;:&quot;A associa\u00e7\u00e3o tem por finalidades: I \u2013 Exigir e promover, por todos os meios cab\u00edveis, o cumprimento dos direitos das crian\u00e7as e dos adolescentes previstos em normativas, leis, Constitui\u00e7\u00e3o e tratados internacionais; II \u2013 Criar e\/ou participar, por meio de seus integrantes advogados, de Comiss\u00f5es de Direito da Crian\u00e7a e do Adolescente junto \u00e0s se\u00e7\u00f5es e subse\u00e7\u00f5es da OAB (Ordem dos Advogados do Brasil); III \u2013 Contribuir para a forma\u00e7\u00e3o de bachar\u00e9is em Direito e demais profissionais e cidad\u00e3os comprometidos com a efetiva\u00e7\u00e3o dos direitos humanos, especialmente os relativos \u00e0s crian\u00e7as e aos adolescentes; IV \u2013 Participar ativamente dos movimentos sociais e populares pelos direitos da inf\u00e2ncia e da juventude, bem como dos espa\u00e7os destinados a discuss\u00f5es e delibera\u00e7\u00f5es sobre tais direitos, como conselhos de direitos, confer\u00eancias e audi\u00eancias p\u00fablicas; V \u2013 Assessorar entidades p\u00fablicas e privadas que tenham por finalidade o atendimento dos direitos de crian\u00e7as e jovens ou indicar profissional capacitado para tanto.&quot;}\" data-sheets-userformat=\"{&quot;2&quot;:13249,&quot;3&quot;:[null,2,&quot;000&quot;,1],&quot;9&quot;:1,&quot;10&quot;:1,&quot;11&quot;:4,&quot;12&quot;:0,&quot;15&quot;:&quot;Comic Sans MS&quot;,&quot;16&quot;:12}\">A associa\u00e7\u00e3o tem por finalidades: I \u2013 Exigir e promover, por todos os meios cab\u00edveis, o cumprimento dos direitos das crian\u00e7as e dos adolescentes previstos em normativas, leis, Constitui\u00e7\u00e3o e tratados internacionais; II \u2013 Criar e\/ou participar, por meio de seus integrantes advogados, de Comiss\u00f5es de Direito da Crian\u00e7a e do Adolescente junto \u00e0s se\u00e7\u00f5es e subse\u00e7\u00f5es da OAB (Ordem dos Advogados do Brasil); III \u2013 Contribuir para a forma\u00e7\u00e3o de bachar\u00e9is em Direito e demais profissionais e cidad\u00e3os comprometidos com a efetiva\u00e7\u00e3o dos direitos humanos, especialmente os relativos \u00e0s crian\u00e7as e aos adolescentes; IV \u2013 Participar ativamente dos movimentos sociais e populares pelos direitos da inf\u00e2ncia e da juventude, bem como dos espa\u00e7os destinados a discuss\u00f5es e delibera\u00e7\u00f5es sobre tais direitos, como conselhos de direitos, confer\u00eancias e audi\u00eancias p\u00fablicas; V \u2013 Assessorar entidades p\u00fablicas e privadas que tenham por finalidade o atendimento dos direitos de crian\u00e7as e jovens ou indicar profissional capacitado para tanto.<\/span><br \/>\n<\/span><\/p>\n<p style=\"text-align: justify;\"><strong>P\u00fablico-alvo:\u00a0<\/strong><span data-sheets-value=\"{&quot;1&quot;:2,&quot;2&quot;:&quot;Crian\u00e7as e adolescentes&quot;}\" data-sheets-userformat=\"{&quot;2&quot;:13249,&quot;3&quot;:[null,2,&quot;000&quot;,1],&quot;9&quot;:1,&quot;10&quot;:1,&quot;11&quot;:4,&quot;12&quot;:0,&quot;15&quot;:&quot;Comic Sans MS&quot;,&quot;16&quot;:12}\">Crian\u00e7as e adolescentes<\/span>.<\/p>\n<p style=\"text-align: left;\"><strong>Endere\u00e7o: <\/strong><span data-sheets-value=\"{&quot;1&quot;:2,&quot;2&quot;:&quot;Rua Jupar\u00e1&quot;}\" data-sheets-userformat=\"{&quot;2&quot;:13249,&quot;3&quot;:[null,2,&quot;000&quot;,1],&quot;9&quot;:1,&quot;10&quot;:1,&quot;11&quot;:4,&quot;12&quot;:0,&quot;15&quot;:&quot;Comic Sans MS&quot;,&quot;16&quot;:12}\">Rua Jupar\u00e1<\/span>, 210, Vila A, Foz do Igua\u00e7u, Paran\u00e1, Brasil. CEP: <span data-sheets-value=\"{&quot;1&quot;:2,&quot;2&quot;:&quot;85861-330&quot;}\" data-sheets-userformat=\"{&quot;2&quot;:13249,&quot;3&quot;:[null,2,&quot;000&quot;,1],&quot;9&quot;:1,&quot;10&quot;:1,&quot;11&quot;:4,&quot;12&quot;:0,&quot;15&quot;:&quot;Comic Sans MS&quot;,&quot;16&quot;:12}\">85861-330<\/span>.<\/p>\n<p style=\"text-align: left;\"><strong>Contato: <\/strong><span data-sheets-value=\"{&quot;1&quot;:2,&quot;2&quot;:&quot;(45) 30261400&quot;}\" data-sheets-userformat=\"{&quot;2&quot;:13249,&quot;3&quot;:[null,2,&quot;000&quot;,1],&quot;9&quot;:1,&quot;10&quot;:1,&quot;11&quot;:4,&quot;12&quot;:0,&quot;15&quot;:&quot;Comic Sans MS&quot;,&quot;16&quot;:12}\"><span data-sheets-value=\"{&quot;1&quot;:2,&quot;2&quot;:&quot;(45) 30299744&quot;}\" data-sheets-userformat=\"{&quot;2&quot;:13249,&quot;3&quot;:[null,2,&quot;000&quot;,1],&quot;9&quot;:1,&quot;10&quot;:1,&quot;11&quot;:4,&quot;12&quot;:0,&quot;15&quot;:&quot;Comic Sans MS&quot;,&quot;16&quot;:12}\">(45) 30299744<\/span><\/span> |\u00a0<span data-sheets-value=\"{&quot;1&quot;:2,&quot;2&quot;:&quot;advogadospelainfancia@yahoo.com.br&quot;}\" data-sheets-userformat=\"{&quot;2&quot;:13249,&quot;3&quot;:[null,2,&quot;000&quot;,1],&quot;9&quot;:1,&quot;10&quot;:1,&quot;11&quot;:4,&quot;12&quot;:0,&quot;15&quot;:&quot;Comic Sans MS&quot;,&quot;16&quot;:12}\">advogadospelainfancia@yahoo.com.br<\/span> | <a href=\"http:\/\/advogadospelainfancia.blogspot.com\" target=\"_blank\">http:\/\/advogadospelainfancia.blogspot.com<\/a><\/p>\n<p style=\"text-align: left;\"><strong>Demandas:<\/strong>\u00a0<span data-sheets-value=\"{&quot;1&quot;:2,&quot;2&quot;:&quot;Atividades nas \u00e1reas de educa\u00e7\u00e3o, arte, cultura, esporte, cidadania e direitos humanos.&quot;}\" data-sheets-userformat=\"{&quot;2&quot;:13249,&quot;3&quot;:[null,2,&quot;000&quot;,1],&quot;9&quot;:1,&quot;10&quot;:1,&quot;11&quot;:4,&quot;12&quot;:0,&quot;15&quot;:&quot;Comic Sans MS&quot;,&quot;16&quot;:12}\">Atividades nas \u00e1reas de educa\u00e7\u00e3o, arte, cultura, esporte, cidadania e direitos humanos.<\/span><\/p>\n<p style=\"text-align: justify;\"><strong>\u00a0<\/strong><\/p>\n","protected":false},"excerpt":{"rendered":"<p>A associa\u00e7\u00e3o tem por finalidades: I \u2013 Exigir e promover, por todos os meios cab\u00edveis, o cumprimento dos direitos das crian\u00e7as e dos adolescentes previstos em normativas, leis, Constitui\u00e7\u00e3o e tratados internacionais; II \u2013 Criar e\/ou participar, por meio de seus integrantes advogados, de Comiss\u00f5es de Direito da Crian\u00e7a e do Adolescente junto \u00e0s se\u00e7\u00f5es [&hellip;]<\/p>\n","protected":false},"author":2,"featured_media":0,"comment_status":"closed","ping_status":"closed","sticky":false,"template":"","format":"standard","meta":{"footnotes":""},"categories":[32,41,30],"tags":[36,141,17,5,26],"class_list":["post-2924","post","type-post","status-publish","format-standard","hentry","category-associacao-privada","category-atores-sociais","category-instituicao-privada","tag-adolescente","tag-advogados-pela-infancia","tag-crianca","tag-direitos-humanos","tag-foz-do-iguacu"],"_links":{"self":[{"href":"https:\/\/divulga.unila.edu.br\/umapas\/index.php?rest_route=\/wp\/v2\/posts\/2924","targetHints":{"allow":["GET"]}}],"collection":[{"href":"https:\/\/divulga.unila.edu.br\/umapas\/index.php?rest_route=\/wp\/v2\/posts"}],"about":[{"href":"https:\/\/divulga.unila.edu.br\/umapas\/index.php?rest_route=\/wp\/v2\/types\/post"}],"author":[{"embeddable":true,"href":"https:\/\/divulga.unila.edu.br\/umapas\/index.php?rest_route=\/wp\/v2\/users\/2"}],"replies":[{"embeddable":true,"href":"https:\/\/divulga.unila.edu.br\/umapas\/index.php?rest_route=%2Fwp%2Fv2%2Fcomments&post=2924"}],"version-history":[{"count":5,"href":"https:\/\/divulga.unila.edu.br\/umapas\/index.php?rest_route=\/wp\/v2\/posts\/2924\/revisions"}],"predecessor-version":[{"id":3043,"href":"https:\/\/divulga.unila.edu.br\/umapas\/index.php?rest_route=\/wp\/v2\/posts\/2924\/revisions\/3043"}],"wp:attachment":[{"href":"https:\/\/divulga.unila.edu.br\/umapas\/index.php?rest_route=%2Fwp%2Fv2%2Fmedia&parent=2924"}],"wp:term":[{"taxonomy":"category","embeddable":true,"href":"https:\/\/divulga.unila.edu.br\/umapas\/index.php?rest_route=%2Fwp%2Fv2%2Fcategories&post=2924"},{"taxonomy":"post_tag","embeddable":true,"href":"https:\/\/divulga.unila.edu.br\/umapas\/index.php?rest_route=%2Fwp%2Fv2%2Ftags&post=2924"}],"curies":[{"name":"wp","href":"https:\/\/api.w.org\/{rel}","templated":true}]}}