{"id":2770,"date":"2019-08-06T19:22:58","date_gmt":"2019-08-06T19:22:58","guid":{"rendered":"https:\/\/unila.edu.br\/umapas\/?p=2770"},"modified":"2019-10-09T16:17:48","modified_gmt":"2019-10-09T16:17:48","slug":"escola-de-educacao-especial-pestalozzi","status":"publish","type":"post","link":"https:\/\/divulga.unila.edu.br\/umapas\/?p=2770","title":{"rendered":"Escola de Educa\u00e7\u00e3o Especial Pestalozzi"},"content":{"rendered":"<p><strong>Endere\u00e7o: <\/strong><span data-sheets-value=\"{&quot;1&quot;:2,&quot;2&quot;:&quot;Rua Santa Catarina&quot;}\" data-sheets-userformat=\"{&quot;2&quot;:13249,&quot;3&quot;:{&quot;1&quot;:0},&quot;9&quot;:1,&quot;10&quot;:1,&quot;11&quot;:4,&quot;12&quot;:0,&quot;15&quot;:&quot;Arial&quot;,&quot;16&quot;:12}\">Rua Santa Catarina<\/span>, 1258, <span data-sheets-value=\"{&quot;1&quot;:2,&quot;2&quot;:&quot;Centro &quot;}\" data-sheets-userformat=\"{&quot;2&quot;:13249,&quot;3&quot;:{&quot;1&quot;:0},&quot;9&quot;:1,&quot;10&quot;:1,&quot;11&quot;:4,&quot;12&quot;:0,&quot;15&quot;:&quot;Arial&quot;,&quot;16&quot;:12}\">Centro<\/span>, <span data-sheets-value=\"{&quot;1&quot;:2,&quot;2&quot;:&quot;S\u00e3o Miguel do Igua\u00e7u&quot;}\" data-sheets-userformat=\"{&quot;2&quot;:13249,&quot;3&quot;:{&quot;1&quot;:0},&quot;9&quot;:1,&quot;10&quot;:1,&quot;11&quot;:4,&quot;12&quot;:0,&quot;15&quot;:&quot;Arial&quot;,&quot;16&quot;:12}\">S\u00e3o Miguel do Igua\u00e7u<\/span>, Paran\u00e1 &#8211; Brasil<br \/>\n<strong>CEP: <\/strong><span data-sheets-value=\"{&quot;1&quot;:2,&quot;2&quot;:&quot;85.877-000&quot;}\" data-sheets-userformat=\"{&quot;2&quot;:13249,&quot;3&quot;:{&quot;1&quot;:0},&quot;9&quot;:1,&quot;10&quot;:1,&quot;11&quot;:4,&quot;12&quot;:0,&quot;15&quot;:&quot;Arial&quot;,&quot;16&quot;:12}\">85.877-000<\/span><br \/>\n<strong>Contato:\u00a0<\/strong><span data-sheets-value=\"{&quot;1&quot;:2,&quot;2&quot;:&quot;(45) 3565-1537&quot;}\" data-sheets-userformat=\"{&quot;2&quot;:13249,&quot;3&quot;:{&quot;1&quot;:0},&quot;9&quot;:1,&quot;10&quot;:1,&quot;11&quot;:4,&quot;12&quot;:0,&quot;15&quot;:&quot;Arial&quot;,&quot;16&quot;:12}\">(45) 3565-1537<\/span> | <span data-sheets-value=\"{&quot;1&quot;:2,&quot;2&quot;:&quot;\\n\\nsliceebjasaomigueldoiguacu@seed.pr.gov.br\\n&quot;}\" data-sheets-userformat=\"{&quot;2&quot;:13249,&quot;3&quot;:{&quot;1&quot;:0},&quot;9&quot;:1,&quot;10&quot;:1,&quot;11&quot;:4,&quot;12&quot;:0,&quot;15&quot;:&quot;Arial&quot;,&quot;16&quot;:12}\"><span data-sheets-value=\"{&quot;1&quot;:2,&quot;2&quot;:&quot;slipestalozzi@seed.pr.gov.br&quot;}\" data-sheets-userformat=\"{&quot;2&quot;:13249,&quot;3&quot;:{&quot;1&quot;:0},&quot;9&quot;:1,&quot;10&quot;:1,&quot;11&quot;:4,&quot;12&quot;:0,&quot;15&quot;:&quot;Arial&quot;,&quot;16&quot;:12}\">slipestalozzi@seed.pr.gov.br<\/span><br \/>\n<\/span><strong>Site: <\/strong><span data-sheets-value=\"{&quot;1&quot;:2,&quot;2&quot;:&quot;Escola Modalidade Educa\u00e7\u00e3o Especial Pestalozzi&quot;}\" data-sheets-userformat=\"{&quot;2&quot;:13249,&quot;3&quot;:{&quot;1&quot;:0},&quot;9&quot;:1,&quot;10&quot;:1,&quot;11&quot;:4,&quot;12&quot;:0,&quot;15&quot;:&quot;Arial&quot;,&quot;16&quot;:12}\"><a class=\"in-cell-link\" href=\"http:\/\/www.consultaescolas.pr.gov.br\/consultaescolas-java\/pages\/templates\/initial2.jsf?codigoMunicipio=2590&amp;codigoEstab=1110\" target=\"_blank\">Escola Modalidade Educa\u00e7\u00e3o Especial Pestalozzi<\/a><\/span><\/p>\n","protected":false},"excerpt":{"rendered":"<p>Endere\u00e7o: Rua Santa Catarina, 1258, Centro, S\u00e3o Miguel do Igua\u00e7u, Paran\u00e1 &#8211; Brasil CEP: 85.877-000 Contato:\u00a0(45) 3565-1537 | slipestalozzi@seed.pr.gov.br Site: Escola Modalidade Educa\u00e7\u00e3o Especial Pestalozzi<\/p>\n","protected":false},"author":2,"featured_media":0,"comment_status":"closed","ping_status":"closed","sticky":false,"template":"","format":"standard","meta":{"footnotes":""},"categories":[122,144,29],"tags":[186,189],"class_list":["post-2770","post","type-post","status-publish","format-standard","hentry","category-colegio-estadual","category-instituicao-de-ensino","category-instituicao-publica","tag-colegio-estadual-em-sao-miguel-do-iguacu","tag-instituicao-publica-de-ensino-em-sao-miguel-do-iguacu"],"_links":{"self":[{"href":"https:\/\/divulga.unila.edu.br\/umapas\/index.php?rest_route=\/wp\/v2\/posts\/2770","targetHints":{"allow":["GET"]}}],"collection":[{"href":"https:\/\/divulga.unila.edu.br\/umapas\/index.php?rest_route=\/wp\/v2\/posts"}],"about":[{"href":"https:\/\/divulga.unila.edu.br\/umapas\/index.php?rest_route=\/wp\/v2\/types\/post"}],"author":[{"embeddable":true,"href":"https:\/\/divulga.unila.edu.br\/umapas\/index.php?rest_route=\/wp\/v2\/users\/2"}],"replies":[{"embeddable":true,"href":"https:\/\/divulga.unila.edu.br\/umapas\/index.php?rest_route=%2Fwp%2Fv2%2Fcomments&post=2770"}],"version-history":[{"count":1,"href":"https:\/\/divulga.unila.edu.br\/umapas\/index.php?rest_route=\/wp\/v2\/posts\/2770\/revisions"}],"predecessor-version":[{"id":2773,"href":"https:\/\/divulga.unila.edu.br\/umapas\/index.php?rest_route=\/wp\/v2\/posts\/2770\/revisions\/2773"}],"wp:attachment":[{"href":"https:\/\/divulga.unila.edu.br\/umapas\/index.php?rest_route=%2Fwp%2Fv2%2Fmedia&parent=2770"}],"wp:term":[{"taxonomy":"category","embeddable":true,"href":"https:\/\/divulga.unila.edu.br\/umapas\/index.php?rest_route=%2Fwp%2Fv2%2Fcategories&post=2770"},{"taxonomy":"post_tag","embeddable":true,"href":"https:\/\/divulga.unila.edu.br\/umapas\/index.php?rest_route=%2Fwp%2Fv2%2Ftags&post=2770"}],"curies":[{"name":"wp","href":"https:\/\/api.w.org\/{rel}","templated":true}]}}