{"id":2752,"date":"2019-08-06T18:38:12","date_gmt":"2019-08-06T18:38:12","guid":{"rendered":"https:\/\/unila.edu.br\/umapas\/?p=2752"},"modified":"2019-10-09T16:16:12","modified_gmt":"2019-10-09T16:16:12","slug":"centro-estadual-de-educacao-basica-de-jovens-e-adultos-de-sao-miguel-do-iguacu","status":"publish","type":"post","link":"https:\/\/divulga.unila.edu.br\/umapas\/?p=2752","title":{"rendered":"Centro Estadual de Educa\u00e7\u00e3o B\u00e1sica de Jovens e Adultos de S\u00e3o Miguel do Igua\u00e7u"},"content":{"rendered":"<p><del><\/del><strong>Endere\u00e7o: <\/strong><span data-sheets-value=\"{&quot;1&quot;:2,&quot;2&quot;:&quot;Rua Euclides da Cunha&quot;}\" data-sheets-userformat=\"{&quot;2&quot;:13249,&quot;3&quot;:{&quot;1&quot;:0},&quot;9&quot;:1,&quot;10&quot;:1,&quot;11&quot;:4,&quot;12&quot;:0,&quot;15&quot;:&quot;Arial&quot;,&quot;16&quot;:12}\">Rua Euclides da Cunha<\/span>, 560, <span data-sheets-value=\"{&quot;1&quot;:2,&quot;2&quot;:&quot;Centro&quot;}\" data-sheets-userformat=\"{&quot;2&quot;:13249,&quot;3&quot;:{&quot;1&quot;:0},&quot;9&quot;:1,&quot;10&quot;:1,&quot;11&quot;:4,&quot;12&quot;:0,&quot;15&quot;:&quot;Arial&quot;,&quot;16&quot;:12}\">Centro<\/span>, <span data-sheets-value=\"{&quot;1&quot;:2,&quot;2&quot;:&quot;S\u00e3o Miguel do Igua\u00e7u&quot;}\" data-sheets-userformat=\"{&quot;2&quot;:13249,&quot;3&quot;:{&quot;1&quot;:0},&quot;9&quot;:1,&quot;10&quot;:1,&quot;11&quot;:4,&quot;12&quot;:0,&quot;15&quot;:&quot;Arial&quot;,&quot;16&quot;:12}\">S\u00e3o Miguel do Igua\u00e7u<\/span>, Paran\u00e1 &#8211; Brasil<br \/>\n<strong>CEP: <\/strong><span data-sheets-value=\"{&quot;1&quot;:2,&quot;2&quot;:&quot;85.877-000&quot;}\" data-sheets-userformat=\"{&quot;2&quot;:13249,&quot;3&quot;:{&quot;1&quot;:0},&quot;9&quot;:1,&quot;10&quot;:1,&quot;11&quot;:4,&quot;12&quot;:0,&quot;15&quot;:&quot;Arial&quot;,&quot;16&quot;:12}\">85.877-000<\/span><br \/>\n<strong>Contato:\u00a0<\/strong><span data-sheets-value=\"{&quot;1&quot;:2,&quot;2&quot;:&quot;(45) 3565-2302&quot;}\" data-sheets-userformat=\"{&quot;2&quot;:13249,&quot;3&quot;:{&quot;1&quot;:0},&quot;9&quot;:1,&quot;10&quot;:1,&quot;11&quot;:4,&quot;12&quot;:0,&quot;15&quot;:&quot;Arial&quot;,&quot;16&quot;:12}\">(45) 3565-2302<\/span> |<span data-sheets-value=\"{&quot;1&quot;:2,&quot;2&quot;:&quot;\\n\\nsliceebjasaomigueldoiguacu@seed.pr.gov.br\\n&quot;}\" data-sheets-userformat=\"{&quot;2&quot;:13249,&quot;3&quot;:{&quot;1&quot;:0},&quot;9&quot;:1,&quot;10&quot;:1,&quot;11&quot;:4,&quot;12&quot;:0,&quot;15&quot;:&quot;Arial&quot;,&quot;16&quot;:12}\"> sliceebjasaomigueldoiguacu@seed.pr.gov.br<br \/>\n<\/span><strong>Site: <\/strong><a href=\"http:\/\/www.sliceebjasaomigueldoiguacu.seed.pr.gov.br\/modules\/conteudo\/conteudo.php?conteudo=1\" target=\"_blank\">http:\/\/www.sliceebjasaomigueldoiguacu.seed.pr.gov.br<\/a><\/p>\n","protected":false},"excerpt":{"rendered":"<p>Endere\u00e7o: Rua Euclides da Cunha, 560, Centro, S\u00e3o Miguel do Igua\u00e7u, Paran\u00e1 &#8211; Brasil CEP: 85.877-000 Contato:\u00a0(45) 3565-2302 | sliceebjasaomigueldoiguacu@seed.pr.gov.br Site: http:\/\/www.sliceebjasaomigueldoiguacu.seed.pr.gov.br<\/p>\n","protected":false},"author":2,"featured_media":0,"comment_status":"closed","ping_status":"closed","sticky":false,"template":"","format":"standard","meta":{"footnotes":""},"categories":[122,144,29],"tags":[186,189],"class_list":["post-2752","post","type-post","status-publish","format-standard","hentry","category-colegio-estadual","category-instituicao-de-ensino","category-instituicao-publica","tag-colegio-estadual-em-sao-miguel-do-iguacu","tag-instituicao-publica-de-ensino-em-sao-miguel-do-iguacu"],"_links":{"self":[{"href":"https:\/\/divulga.unila.edu.br\/umapas\/index.php?rest_route=\/wp\/v2\/posts\/2752","targetHints":{"allow":["GET"]}}],"collection":[{"href":"https:\/\/divulga.unila.edu.br\/umapas\/index.php?rest_route=\/wp\/v2\/posts"}],"about":[{"href":"https:\/\/divulga.unila.edu.br\/umapas\/index.php?rest_route=\/wp\/v2\/types\/post"}],"author":[{"embeddable":true,"href":"https:\/\/divulga.unila.edu.br\/umapas\/index.php?rest_route=\/wp\/v2\/users\/2"}],"replies":[{"embeddable":true,"href":"https:\/\/divulga.unila.edu.br\/umapas\/index.php?rest_route=%2Fwp%2Fv2%2Fcomments&post=2752"}],"version-history":[{"count":1,"href":"https:\/\/divulga.unila.edu.br\/umapas\/index.php?rest_route=\/wp\/v2\/posts\/2752\/revisions"}],"predecessor-version":[{"id":2754,"href":"https:\/\/divulga.unila.edu.br\/umapas\/index.php?rest_route=\/wp\/v2\/posts\/2752\/revisions\/2754"}],"wp:attachment":[{"href":"https:\/\/divulga.unila.edu.br\/umapas\/index.php?rest_route=%2Fwp%2Fv2%2Fmedia&parent=2752"}],"wp:term":[{"taxonomy":"category","embeddable":true,"href":"https:\/\/divulga.unila.edu.br\/umapas\/index.php?rest_route=%2Fwp%2Fv2%2Fcategories&post=2752"},{"taxonomy":"post_tag","embeddable":true,"href":"https:\/\/divulga.unila.edu.br\/umapas\/index.php?rest_route=%2Fwp%2Fv2%2Ftags&post=2752"}],"curies":[{"name":"wp","href":"https:\/\/api.w.org\/{rel}","templated":true}]}}