{"id":2674,"date":"2019-08-06T17:11:14","date_gmt":"2019-08-06T17:11:14","guid":{"rendered":"https:\/\/unila.edu.br\/umapas\/?p=2674"},"modified":"2019-10-09T15:43:50","modified_gmt":"2019-10-09T15:43:50","slug":"escola-de-educacao-especial-espaco-amigo","status":"publish","type":"post","link":"https:\/\/divulga.unila.edu.br\/umapas\/?p=2674","title":{"rendered":"Escola de Educa\u00e7\u00e3o Especial Espa\u00e7o Amigo"},"content":{"rendered":"<p><strong>Endere\u00e7o: <\/strong><span data-sheets-value=\"{&quot;1&quot;:2,&quot;2&quot;:&quot;Avenida Rio Grande do Sul&quot;}\" data-sheets-userformat=\"{&quot;2&quot;:13249,&quot;3&quot;:{&quot;1&quot;:0},&quot;9&quot;:1,&quot;10&quot;:1,&quot;11&quot;:4,&quot;12&quot;:0,&quot;15&quot;:&quot;Arial&quot;,&quot;16&quot;:12}\">Avenida Rio Grande do Sul<\/span>, 1250, <span data-sheets-value=\"{&quot;1&quot;:2,&quot;2&quot;:&quot;S\u00e3o Cristov\u00e3o &quot;}\" data-sheets-userformat=\"{&quot;2&quot;:13249,&quot;3&quot;:{&quot;1&quot;:0},&quot;9&quot;:1,&quot;10&quot;:1,&quot;11&quot;:4,&quot;12&quot;:0,&quot;15&quot;:&quot;Arial&quot;,&quot;16&quot;:12}\">Nazar\u00e9<\/span>, Medianeira, Paran\u00e1 &#8211; Brasil<br \/>\n<strong>CEP: <\/strong><span data-sheets-value=\"{&quot;1&quot;:2,&quot;2&quot;:&quot;85.884-000&quot;}\" data-sheets-userformat=\"{&quot;2&quot;:13249,&quot;3&quot;:{&quot;1&quot;:0},&quot;9&quot;:1,&quot;10&quot;:1,&quot;11&quot;:4,&quot;12&quot;:0,&quot;15&quot;:&quot;Arial&quot;,&quot;16&quot;:12}\">85.884-000<\/span><br \/>\n<strong>Contato:\u00a0<\/strong><span data-sheets-value=\"{&quot;1&quot;:2,&quot;2&quot;:&quot;(45) 3264-3315&quot;}\" data-sheets-userformat=\"{&quot;2&quot;:13249,&quot;3&quot;:{&quot;1&quot;:0},&quot;9&quot;:1,&quot;10&quot;:1,&quot;11&quot;:4,&quot;12&quot;:0,&quot;15&quot;:&quot;Arial&quot;,&quot;16&quot;:12}\">(45) 3264-3315<\/span> | <span data-sheets-value=\"{&quot;1&quot;:2,&quot;2&quot;:&quot;apaemed@hotmail.com&quot;}\" data-sheets-userformat=\"{&quot;2&quot;:13249,&quot;3&quot;:{&quot;1&quot;:0},&quot;9&quot;:1,&quot;10&quot;:1,&quot;11&quot;:4,&quot;12&quot;:0,&quot;15&quot;:&quot;Arial&quot;,&quot;16&quot;:12}\">apaemed@hotmail.com<\/span><br \/>\n<strong>Site: <\/strong><a href=\"http:\/\/www.mdnespacoamigo.seed.pr.gov.br\/modules\/liaise\/\" target=\"_blank\">http:\/\/www.mdnespacoamigo.seed.pr.gov.br<\/a><\/p>\n","protected":false},"excerpt":{"rendered":"<p>Endere\u00e7o: Avenida Rio Grande do Sul, 1250, Nazar\u00e9, Medianeira, Paran\u00e1 &#8211; Brasil CEP: 85.884-000 Contato:\u00a0(45) 3264-3315 | apaemed@hotmail.com Site: http:\/\/www.mdnespacoamigo.seed.pr.gov.br<\/p>\n","protected":false},"author":2,"featured_media":0,"comment_status":"closed","ping_status":"closed","sticky":false,"template":"","format":"standard","meta":{"footnotes":""},"categories":[122,144,29],"tags":[160,163],"class_list":["post-2674","post","type-post","status-publish","format-standard","hentry","category-colegio-estadual","category-instituicao-de-ensino","category-instituicao-publica","tag-colegio-estadual-em-medianeira","tag-instituicao-publica-de-ensino-em-medianeira"],"_links":{"self":[{"href":"https:\/\/divulga.unila.edu.br\/umapas\/index.php?rest_route=\/wp\/v2\/posts\/2674","targetHints":{"allow":["GET"]}}],"collection":[{"href":"https:\/\/divulga.unila.edu.br\/umapas\/index.php?rest_route=\/wp\/v2\/posts"}],"about":[{"href":"https:\/\/divulga.unila.edu.br\/umapas\/index.php?rest_route=\/wp\/v2\/types\/post"}],"author":[{"embeddable":true,"href":"https:\/\/divulga.unila.edu.br\/umapas\/index.php?rest_route=\/wp\/v2\/users\/2"}],"replies":[{"embeddable":true,"href":"https:\/\/divulga.unila.edu.br\/umapas\/index.php?rest_route=%2Fwp%2Fv2%2Fcomments&post=2674"}],"version-history":[{"count":1,"href":"https:\/\/divulga.unila.edu.br\/umapas\/index.php?rest_route=\/wp\/v2\/posts\/2674\/revisions"}],"predecessor-version":[{"id":2675,"href":"https:\/\/divulga.unila.edu.br\/umapas\/index.php?rest_route=\/wp\/v2\/posts\/2674\/revisions\/2675"}],"wp:attachment":[{"href":"https:\/\/divulga.unila.edu.br\/umapas\/index.php?rest_route=%2Fwp%2Fv2%2Fmedia&parent=2674"}],"wp:term":[{"taxonomy":"category","embeddable":true,"href":"https:\/\/divulga.unila.edu.br\/umapas\/index.php?rest_route=%2Fwp%2Fv2%2Fcategories&post=2674"},{"taxonomy":"post_tag","embeddable":true,"href":"https:\/\/divulga.unila.edu.br\/umapas\/index.php?rest_route=%2Fwp%2Fv2%2Ftags&post=2674"}],"curies":[{"name":"wp","href":"https:\/\/api.w.org\/{rel}","templated":true}]}}