{"id":2669,"date":"2019-08-06T17:05:31","date_gmt":"2019-08-06T17:05:31","guid":{"rendered":"https:\/\/unila.edu.br\/umapas\/?p=2669"},"modified":"2019-10-09T15:43:36","modified_gmt":"2019-10-09T15:43:36","slug":"centro-estadual-de-educacao-basica-de-jovens-e-adultos-de-medianeira","status":"publish","type":"post","link":"https:\/\/divulga.unila.edu.br\/umapas\/?p=2669","title":{"rendered":"Centro Estadual de Educa\u00e7\u00e3o B\u00e1sica de Jovens e Adultos de Medianeira"},"content":{"rendered":"<p><strong>Endere\u00e7o: <\/strong><span data-sheets-value=\"{&quot;1&quot;:2,&quot;2&quot;:&quot;Rua Par\u00e1&quot;}\" data-sheets-userformat=\"{&quot;2&quot;:13249,&quot;3&quot;:{&quot;1&quot;:0},&quot;9&quot;:1,&quot;10&quot;:1,&quot;11&quot;:4,&quot;12&quot;:0,&quot;15&quot;:&quot;Arial&quot;,&quot;16&quot;:12}\">Rua Par\u00e1<\/span>, 2641, <span data-sheets-value=\"{&quot;1&quot;:2,&quot;2&quot;:&quot;S\u00e3o Cristov\u00e3o &quot;}\" data-sheets-userformat=\"{&quot;2&quot;:13249,&quot;3&quot;:{&quot;1&quot;:0},&quot;9&quot;:1,&quot;10&quot;:1,&quot;11&quot;:4,&quot;12&quot;:0,&quot;15&quot;:&quot;Arial&quot;,&quot;16&quot;:12}\">S\u00e3o Cristov\u00e3o<\/span>, Medianeira, Paran\u00e1 &#8211; Brasil<br \/>\n<strong>CEP: <\/strong><span data-sheets-value=\"{&quot;1&quot;:2,&quot;2&quot;:&quot;85.884-000&quot;}\" data-sheets-userformat=\"{&quot;2&quot;:13249,&quot;3&quot;:{&quot;1&quot;:0},&quot;9&quot;:1,&quot;10&quot;:1,&quot;11&quot;:4,&quot;12&quot;:0,&quot;15&quot;:&quot;Arial&quot;,&quot;16&quot;:12}\">85.884-000<\/span><br \/>\n<strong>Contato:\u00a0<\/strong><span data-sheets-value=\"{&quot;1&quot;:2,&quot;2&quot;:&quot;(45) 3264-4666&quot;}\" data-sheets-userformat=\"{&quot;2&quot;:13249,&quot;3&quot;:{&quot;1&quot;:0},&quot;9&quot;:1,&quot;10&quot;:1,&quot;11&quot;:4,&quot;12&quot;:0,&quot;15&quot;:&quot;Arial&quot;,&quot;16&quot;:12}\">(45) 3264-4666<\/span> | <span data-sheets-value=\"{&quot;1&quot;:2,&quot;2&quot;:&quot;mdnceebjamedianeira@seed.pr.gov.br&quot;}\" data-sheets-userformat=\"{&quot;2&quot;:13249,&quot;3&quot;:{&quot;1&quot;:0},&quot;9&quot;:1,&quot;10&quot;:1,&quot;11&quot;:4,&quot;12&quot;:0,&quot;15&quot;:&quot;Arial&quot;,&quot;16&quot;:12}\">mdnceebjamedianeira@seed.pr.gov.br<\/span><br \/>\n<strong>Site: <\/strong><a href=\"http:\/\/www.mdnceebjamedianeira.seed.pr.gov.br\/modules\/liaise\/\" target=\"_blank\">http:\/\/www.mdnceebjamedianeira.seed.pr.gov.br<\/a><\/p>\n","protected":false},"excerpt":{"rendered":"<p>Endere\u00e7o: Rua Par\u00e1, 2641, S\u00e3o Cristov\u00e3o, Medianeira, Paran\u00e1 &#8211; Brasil CEP: 85.884-000 Contato:\u00a0(45) 3264-4666 | mdnceebjamedianeira@seed.pr.gov.br Site: http:\/\/www.mdnceebjamedianeira.seed.pr.gov.br<\/p>\n","protected":false},"author":2,"featured_media":0,"comment_status":"closed","ping_status":"closed","sticky":false,"template":"","format":"standard","meta":{"footnotes":""},"categories":[122,144,29],"tags":[160,163],"class_list":["post-2669","post","type-post","status-publish","format-standard","hentry","category-colegio-estadual","category-instituicao-de-ensino","category-instituicao-publica","tag-colegio-estadual-em-medianeira","tag-instituicao-publica-de-ensino-em-medianeira"],"_links":{"self":[{"href":"https:\/\/divulga.unila.edu.br\/umapas\/index.php?rest_route=\/wp\/v2\/posts\/2669","targetHints":{"allow":["GET"]}}],"collection":[{"href":"https:\/\/divulga.unila.edu.br\/umapas\/index.php?rest_route=\/wp\/v2\/posts"}],"about":[{"href":"https:\/\/divulga.unila.edu.br\/umapas\/index.php?rest_route=\/wp\/v2\/types\/post"}],"author":[{"embeddable":true,"href":"https:\/\/divulga.unila.edu.br\/umapas\/index.php?rest_route=\/wp\/v2\/users\/2"}],"replies":[{"embeddable":true,"href":"https:\/\/divulga.unila.edu.br\/umapas\/index.php?rest_route=%2Fwp%2Fv2%2Fcomments&post=2669"}],"version-history":[{"count":1,"href":"https:\/\/divulga.unila.edu.br\/umapas\/index.php?rest_route=\/wp\/v2\/posts\/2669\/revisions"}],"predecessor-version":[{"id":2672,"href":"https:\/\/divulga.unila.edu.br\/umapas\/index.php?rest_route=\/wp\/v2\/posts\/2669\/revisions\/2672"}],"wp:attachment":[{"href":"https:\/\/divulga.unila.edu.br\/umapas\/index.php?rest_route=%2Fwp%2Fv2%2Fmedia&parent=2669"}],"wp:term":[{"taxonomy":"category","embeddable":true,"href":"https:\/\/divulga.unila.edu.br\/umapas\/index.php?rest_route=%2Fwp%2Fv2%2Fcategories&post=2669"},{"taxonomy":"post_tag","embeddable":true,"href":"https:\/\/divulga.unila.edu.br\/umapas\/index.php?rest_route=%2Fwp%2Fv2%2Ftags&post=2669"}],"curies":[{"name":"wp","href":"https:\/\/api.w.org\/{rel}","templated":true}]}}