{"id":2660,"date":"2019-08-06T16:26:51","date_gmt":"2019-08-06T16:26:51","guid":{"rendered":"https:\/\/unila.edu.br\/umapas\/?p=2660"},"modified":"2019-10-09T15:43:22","modified_gmt":"2019-10-09T15:43:22","slug":"escola-de-educacao-especial-bilingue-da-associacao-medianeirense-de-surdos-e-fissurados-amesfi","status":"publish","type":"post","link":"https:\/\/divulga.unila.edu.br\/umapas\/?p=2660","title":{"rendered":"Escola de Educa\u00e7\u00e3o Especial Bil\u00edngue da Associa\u00e7\u00e3o Medianeirense de Surdos e Fissurados (Amesfi)"},"content":{"rendered":"<p><strong>Endere\u00e7o: <\/strong><span data-sheets-value=\"{&quot;1&quot;:2,&quot;2&quot;:&quot;Rua Minas Gerais&quot;}\" data-sheets-userformat=\"{&quot;2&quot;:13249,&quot;3&quot;:{&quot;1&quot;:0},&quot;9&quot;:1,&quot;10&quot;:1,&quot;11&quot;:4,&quot;12&quot;:0,&quot;15&quot;:&quot;Arial&quot;,&quot;16&quot;:12}\">Rua Minas Gerais<\/span>, 1210, <span data-sheets-value=\"{&quot;1&quot;:2,&quot;2&quot;:&quot;Nazar\u00e9&quot;}\" data-sheets-userformat=\"{&quot;2&quot;:13249,&quot;3&quot;:{&quot;1&quot;:0},&quot;9&quot;:1,&quot;10&quot;:1,&quot;11&quot;:4,&quot;12&quot;:0,&quot;15&quot;:&quot;Arial&quot;,&quot;16&quot;:12}\">Nazar\u00e9<\/span>, Medianeira, Paran\u00e1 &#8211; Brasil<br \/>\n<strong>CEP: <\/strong><span data-sheets-value=\"{&quot;1&quot;:2,&quot;2&quot;:&quot;85.884-000&quot;}\" data-sheets-userformat=\"{&quot;2&quot;:13249,&quot;3&quot;:{&quot;1&quot;:0},&quot;9&quot;:1,&quot;10&quot;:1,&quot;11&quot;:4,&quot;12&quot;:0,&quot;15&quot;:&quot;Arial&quot;,&quot;16&quot;:12}\">85.884-000<\/span><br \/>\n<strong>Contato:\u00a0<\/strong><span data-sheets-value=\"{&quot;1&quot;:2,&quot;2&quot;:&quot;(45) 3264-3643&quot;}\" data-sheets-userformat=\"{&quot;2&quot;:13249,&quot;3&quot;:{&quot;1&quot;:0},&quot;9&quot;:1,&quot;10&quot;:1,&quot;11&quot;:4,&quot;12&quot;:0,&quot;15&quot;:&quot;Arial&quot;,&quot;16&quot;:12}\">(45) 3264-3643<\/span> | <span data-sheets-value=\"{&quot;1&quot;:2,&quot;2&quot;:&quot;amesfi@arnet.com.br&quot;}\" data-sheets-userformat=\"{&quot;2&quot;:13249,&quot;3&quot;:{&quot;1&quot;:0},&quot;9&quot;:1,&quot;10&quot;:1,&quot;11&quot;:4,&quot;12&quot;:0,&quot;15&quot;:&quot;Arial&quot;,&quot;16&quot;:12}\">amesfi@arnet.com.br<\/span><br \/>\n<strong>Site: <\/strong><span data-sheets-value=\"{&quot;1&quot;:2,&quot;2&quot;:&quot;Escola Modalidade Educa\u00e7\u00e3o Especial Bilingue da Amesfi&quot;}\" data-sheets-userformat=\"{&quot;2&quot;:13249,&quot;3&quot;:{&quot;1&quot;:0},&quot;9&quot;:1,&quot;10&quot;:1,&quot;11&quot;:4,&quot;12&quot;:0,&quot;15&quot;:&quot;Arial&quot;,&quot;16&quot;:12}\"><a class=\"in-cell-link\" href=\"http:\/\/www.consultaescolas.pr.gov.br\/consultaescolas-java\/pages\/templates\/initial2.jsf?codigoMunicipio=1590&amp;codigoEstab=320\" target=\"_blank\">Escola Modalidade Educa\u00e7\u00e3o Especial Bilingue da Amesfi<\/a><\/span><\/p>\n","protected":false},"excerpt":{"rendered":"<p>Endere\u00e7o: Rua Minas Gerais, 1210, Nazar\u00e9, Medianeira, Paran\u00e1 &#8211; Brasil CEP: 85.884-000 Contato:\u00a0(45) 3264-3643 | amesfi@arnet.com.br Site: Escola Modalidade Educa\u00e7\u00e3o Especial Bilingue da Amesfi<\/p>\n","protected":false},"author":2,"featured_media":0,"comment_status":"closed","ping_status":"closed","sticky":false,"template":"","format":"standard","meta":{"footnotes":""},"categories":[122,144,29],"tags":[160,163],"class_list":["post-2660","post","type-post","status-publish","format-standard","hentry","category-colegio-estadual","category-instituicao-de-ensino","category-instituicao-publica","tag-colegio-estadual-em-medianeira","tag-instituicao-publica-de-ensino-em-medianeira"],"_links":{"self":[{"href":"https:\/\/divulga.unila.edu.br\/umapas\/index.php?rest_route=\/wp\/v2\/posts\/2660","targetHints":{"allow":["GET"]}}],"collection":[{"href":"https:\/\/divulga.unila.edu.br\/umapas\/index.php?rest_route=\/wp\/v2\/posts"}],"about":[{"href":"https:\/\/divulga.unila.edu.br\/umapas\/index.php?rest_route=\/wp\/v2\/types\/post"}],"author":[{"embeddable":true,"href":"https:\/\/divulga.unila.edu.br\/umapas\/index.php?rest_route=\/wp\/v2\/users\/2"}],"replies":[{"embeddable":true,"href":"https:\/\/divulga.unila.edu.br\/umapas\/index.php?rest_route=%2Fwp%2Fv2%2Fcomments&post=2660"}],"version-history":[{"count":2,"href":"https:\/\/divulga.unila.edu.br\/umapas\/index.php?rest_route=\/wp\/v2\/posts\/2660\/revisions"}],"predecessor-version":[{"id":2666,"href":"https:\/\/divulga.unila.edu.br\/umapas\/index.php?rest_route=\/wp\/v2\/posts\/2660\/revisions\/2666"}],"wp:attachment":[{"href":"https:\/\/divulga.unila.edu.br\/umapas\/index.php?rest_route=%2Fwp%2Fv2%2Fmedia&parent=2660"}],"wp:term":[{"taxonomy":"category","embeddable":true,"href":"https:\/\/divulga.unila.edu.br\/umapas\/index.php?rest_route=%2Fwp%2Fv2%2Fcategories&post=2660"},{"taxonomy":"post_tag","embeddable":true,"href":"https:\/\/divulga.unila.edu.br\/umapas\/index.php?rest_route=%2Fwp%2Fv2%2Ftags&post=2660"}],"curies":[{"name":"wp","href":"https:\/\/api.w.org\/{rel}","templated":true}]}}