{"id":2198,"date":"2019-06-19T17:18:43","date_gmt":"2019-06-19T17:18:43","guid":{"rendered":"https:\/\/unila.edu.br\/umapas\/?p=2198"},"modified":"2019-10-09T15:07:59","modified_gmt":"2019-10-09T15:07:59","slug":"colegio-estadual-professora-carmelita-de-souza-dias","status":"publish","type":"post","link":"https:\/\/divulga.unila.edu.br\/umapas\/?p=2198","title":{"rendered":"Col\u00e9gio Estadual Professora Carmelita de Souza Dias"},"content":{"rendered":"<p><strong>Endere\u00e7o:<\/strong> Rua Pedro Jo\u00e3o Medeiros, 129, Jardim Marisa, Foz do Igua\u00e7u, Paran\u00e1 &#8211; Brasil<br \/>\n<strong>CEP:<\/strong> 85.867-376<br \/>\n<strong>Contato:\u00a0<\/strong> (45) 3577-6261 | fozcarmelita@seed.pr.gov.br<br \/>\n<strong>Site: <\/strong><a href=\"http:\/\/www.fozcarmelita.seed.pr.gov.br\/modules\/liaise\/\" target=\"_blank\">http:\/\/www.fozcarmelita.seed.pr.gov.br<\/a><\/p>\n","protected":false},"excerpt":{"rendered":"<p>Endere\u00e7o: Rua Pedro Jo\u00e3o Medeiros, 129, Jardim Marisa, Foz do Igua\u00e7u, Paran\u00e1 &#8211; Brasil CEP: 85.867-376 Contato:\u00a0 (45) 3577-6261 | fozcarmelita@seed.pr.gov.br Site: http:\/\/www.fozcarmelita.seed.pr.gov.br<\/p>\n","protected":false},"author":18,"featured_media":0,"comment_status":"closed","ping_status":"closed","sticky":false,"template":"","format":"standard","meta":{"footnotes":""},"categories":[122,144,29],"tags":[149,146],"class_list":["post-2198","post","type-post","status-publish","format-standard","hentry","category-colegio-estadual","category-instituicao-de-ensino","category-instituicao-publica","tag-colegio-estadual-em-foz-do-iguacu","tag-instituicao-publica-de-ensino-em-foz-do-iguacu"],"_links":{"self":[{"href":"https:\/\/divulga.unila.edu.br\/umapas\/index.php?rest_route=\/wp\/v2\/posts\/2198","targetHints":{"allow":["GET"]}}],"collection":[{"href":"https:\/\/divulga.unila.edu.br\/umapas\/index.php?rest_route=\/wp\/v2\/posts"}],"about":[{"href":"https:\/\/divulga.unila.edu.br\/umapas\/index.php?rest_route=\/wp\/v2\/types\/post"}],"author":[{"embeddable":true,"href":"https:\/\/divulga.unila.edu.br\/umapas\/index.php?rest_route=\/wp\/v2\/users\/18"}],"replies":[{"embeddable":true,"href":"https:\/\/divulga.unila.edu.br\/umapas\/index.php?rest_route=%2Fwp%2Fv2%2Fcomments&post=2198"}],"version-history":[{"count":2,"href":"https:\/\/divulga.unila.edu.br\/umapas\/index.php?rest_route=\/wp\/v2\/posts\/2198\/revisions"}],"predecessor-version":[{"id":2497,"href":"https:\/\/divulga.unila.edu.br\/umapas\/index.php?rest_route=\/wp\/v2\/posts\/2198\/revisions\/2497"}],"wp:attachment":[{"href":"https:\/\/divulga.unila.edu.br\/umapas\/index.php?rest_route=%2Fwp%2Fv2%2Fmedia&parent=2198"}],"wp:term":[{"taxonomy":"category","embeddable":true,"href":"https:\/\/divulga.unila.edu.br\/umapas\/index.php?rest_route=%2Fwp%2Fv2%2Fcategories&post=2198"},{"taxonomy":"post_tag","embeddable":true,"href":"https:\/\/divulga.unila.edu.br\/umapas\/index.php?rest_route=%2Fwp%2Fv2%2Ftags&post=2198"}],"curies":[{"name":"wp","href":"https:\/\/api.w.org\/{rel}","templated":true}]}}