{"id":2097,"date":"2019-06-06T19:39:17","date_gmt":"2019-06-06T19:39:17","guid":{"rendered":"https:\/\/unila.edu.br\/umapas\/?p=2097"},"modified":"2019-10-09T15:01:59","modified_gmt":"2019-10-09T15:01:59","slug":"centro-estadual-de-educacao-profissional-manoel-moreira-pena","status":"publish","type":"post","link":"https:\/\/divulga.unila.edu.br\/umapas\/?p=2097","title":{"rendered":"Centro Estadual de Educa\u00e7\u00e3o Profissional Manoel Moreira Pena"},"content":{"rendered":"<p><strong>Endere\u00e7o:<\/strong> Avenida General Meira, 391, Jardim Social, Foz do Igua\u00e7u, Paran\u00e1 &#8211; Brasil<br \/>\n<strong>CEP:<\/strong> 85.853-110<br \/>\n<strong>Contato:\u00a0<\/strong>(45) 3523-1332 | fozceepmanoelmpena@seed.pr.gov.br<br \/>\n<strong>Site: <\/strong><a href=\"http:\/\/www.fozceepmanoelmpena.seed.pr.gov.br\/modules\/conteudo\/conteudo.php?conteudo=158\" target=\"_blank\">http:\/\/www.fozceepmanoelmpena.seed.pr.gov.br<\/a><\/p>\n","protected":false},"excerpt":{"rendered":"<p>Endere\u00e7o: Avenida General Meira, 391, Jardim Social, Foz do Igua\u00e7u, Paran\u00e1 &#8211; Brasil CEP: 85.853-110 Contato:\u00a0(45) 3523-1332 | fozceepmanoelmpena@seed.pr.gov.br Site: http:\/\/www.fozceepmanoelmpena.seed.pr.gov.br<\/p>\n","protected":false},"author":18,"featured_media":0,"comment_status":"closed","ping_status":"closed","sticky":false,"template":"","format":"standard","meta":{"footnotes":""},"categories":[122,144,29],"tags":[149,146],"class_list":["post-2097","post","type-post","status-publish","format-standard","hentry","category-colegio-estadual","category-instituicao-de-ensino","category-instituicao-publica","tag-colegio-estadual-em-foz-do-iguacu","tag-instituicao-publica-de-ensino-em-foz-do-iguacu"],"_links":{"self":[{"href":"https:\/\/divulga.unila.edu.br\/umapas\/index.php?rest_route=\/wp\/v2\/posts\/2097","targetHints":{"allow":["GET"]}}],"collection":[{"href":"https:\/\/divulga.unila.edu.br\/umapas\/index.php?rest_route=\/wp\/v2\/posts"}],"about":[{"href":"https:\/\/divulga.unila.edu.br\/umapas\/index.php?rest_route=\/wp\/v2\/types\/post"}],"author":[{"embeddable":true,"href":"https:\/\/divulga.unila.edu.br\/umapas\/index.php?rest_route=\/wp\/v2\/users\/18"}],"replies":[{"embeddable":true,"href":"https:\/\/divulga.unila.edu.br\/umapas\/index.php?rest_route=%2Fwp%2Fv2%2Fcomments&post=2097"}],"version-history":[{"count":4,"href":"https:\/\/divulga.unila.edu.br\/umapas\/index.php?rest_route=\/wp\/v2\/posts\/2097\/revisions"}],"predecessor-version":[{"id":2445,"href":"https:\/\/divulga.unila.edu.br\/umapas\/index.php?rest_route=\/wp\/v2\/posts\/2097\/revisions\/2445"}],"wp:attachment":[{"href":"https:\/\/divulga.unila.edu.br\/umapas\/index.php?rest_route=%2Fwp%2Fv2%2Fmedia&parent=2097"}],"wp:term":[{"taxonomy":"category","embeddable":true,"href":"https:\/\/divulga.unila.edu.br\/umapas\/index.php?rest_route=%2Fwp%2Fv2%2Fcategories&post=2097"},{"taxonomy":"post_tag","embeddable":true,"href":"https:\/\/divulga.unila.edu.br\/umapas\/index.php?rest_route=%2Fwp%2Fv2%2Ftags&post=2097"}],"curies":[{"name":"wp","href":"https:\/\/api.w.org\/{rel}","templated":true}]}}