{"id":1896,"date":"2018-11-10T13:35:41","date_gmt":"2018-11-10T13:35:41","guid":{"rendered":"https:\/\/unila.edu.br\/umapas\/?p=1896"},"modified":"2019-10-08T16:03:29","modified_gmt":"2019-10-08T16:03:29","slug":"instituto-federal-educacao-ciencia-e-tecnologia-do-parana-ifpr-capanema","status":"publish","type":"post","link":"https:\/\/divulga.unila.edu.br\/umapas\/?p=1896","title":{"rendered":"Instituto Federal Educa\u00e7\u00e3o, Ci\u00eancia, e Tecnologia do Paran\u00e1 &#8211; IFPR &#8211; Capanema"},"content":{"rendered":"<div class=\"eight columns\">\n<p><strong>Nome da IES:\u00a0<\/strong>Instituto Federal Educa\u00e7\u00e3o, Ci\u00eancia, e Tecnologia do Paran\u00e1 &#8211; IFPR &#8211; Capanema<\/p>\n<p><strong>Perfil:\u00a0<\/strong>Campus<\/p>\n<p><strong>Cidade:<\/strong> Capanema &#8211; PR<\/p>\n<p><strong>Dist\u00e2ncia aproximada da fronteira:<\/strong> 6 km<\/p>\n<p><strong>Contato<\/strong>:<\/p>\n<p>ADRIAN LINCOLN FERREIRA CLARINDO (42) 99855-0008 | internacional@ifpr.edu.br<\/p>\n<p>https:\/\/reitoria.ifpr.edu.br\/campus-capanema\/<\/p>\n<\/div>\n","protected":false},"excerpt":{"rendered":"<p>Nome da IES:\u00a0Instituto Federal Educa\u00e7\u00e3o, Ci\u00eancia, e Tecnologia do Paran\u00e1 &#8211; IFPR &#8211; Capanema Perfil:\u00a0Campus Cidade: Capanema &#8211; PR Dist\u00e2ncia aproximada da fronteira: 6 km Contato: ADRIAN LINCOLN FERREIRA CLARINDO (42) 99855-0008 | internacional@ifpr.edu.br https:\/\/reitoria.ifpr.edu.br\/campus-capanema\/<\/p>\n","protected":false},"author":16,"featured_media":0,"comment_status":"closed","ping_status":"open","sticky":false,"template":"","format":"standard","meta":{"footnotes":""},"categories":[98,87,80,94,79],"tags":[],"class_list":["post-1896","post","type-post","status-publish","format-standard","hentry","category-ate-50km","category-campi","category-federal","category-instituto","category-universidades-de-fronteira"],"_links":{"self":[{"href":"https:\/\/divulga.unila.edu.br\/umapas\/index.php?rest_route=\/wp\/v2\/posts\/1896","targetHints":{"allow":["GET"]}}],"collection":[{"href":"https:\/\/divulga.unila.edu.br\/umapas\/index.php?rest_route=\/wp\/v2\/posts"}],"about":[{"href":"https:\/\/divulga.unila.edu.br\/umapas\/index.php?rest_route=\/wp\/v2\/types\/post"}],"author":[{"embeddable":true,"href":"https:\/\/divulga.unila.edu.br\/umapas\/index.php?rest_route=\/wp\/v2\/users\/16"}],"replies":[{"embeddable":true,"href":"https:\/\/divulga.unila.edu.br\/umapas\/index.php?rest_route=%2Fwp%2Fv2%2Fcomments&post=1896"}],"version-history":[{"count":2,"href":"https:\/\/divulga.unila.edu.br\/umapas\/index.php?rest_route=\/wp\/v2\/posts\/1896\/revisions"}],"predecessor-version":[{"id":3144,"href":"https:\/\/divulga.unila.edu.br\/umapas\/index.php?rest_route=\/wp\/v2\/posts\/1896\/revisions\/3144"}],"wp:attachment":[{"href":"https:\/\/divulga.unila.edu.br\/umapas\/index.php?rest_route=%2Fwp%2Fv2%2Fmedia&parent=1896"}],"wp:term":[{"taxonomy":"category","embeddable":true,"href":"https:\/\/divulga.unila.edu.br\/umapas\/index.php?rest_route=%2Fwp%2Fv2%2Fcategories&post=1896"},{"taxonomy":"post_tag","embeddable":true,"href":"https:\/\/divulga.unila.edu.br\/umapas\/index.php?rest_route=%2Fwp%2Fv2%2Ftags&post=1896"}],"curies":[{"name":"wp","href":"https:\/\/api.w.org\/{rel}","templated":true}]}}